{"id":7909,"date":"2017-05-11T21:48:01","date_gmt":"2017-05-11T21:48:01","guid":{"rendered":"http:\/\/centralmedia.rs\/?p=7909"},"modified":"2017-05-11T21:48:01","modified_gmt":"2017-05-11T21:48:01","slug":"posle-teskog-ranjavanja-darka-stanojlovica-lekari-se-ne-izjasnjavaju-o-njegovom-stanju","status":"publish","type":"post","link":"https:\/\/centralmedia.rs\/index.php\/2017\/05\/11\/posle-teskog-ranjavanja-darka-stanojlovica-lekari-se-ne-izjasnjavaju-o-njegovom-stanju\/","title":{"rendered":"POSLE TE\u0160KOG RANJAVANJA DARKA STANOJLOVI\u0106A &#8211; LEKARI SE NE IZJA\u0160NJAVAJU O NJEGOVOM STANJU"},"content":{"rendered":"<p>JAGODINA-Lekari KBC Kragujevac se ne izja\u0161njavaju zdravstevnom stanju te\u0161ko ranjenog Darka Stanojlovi\u0107a (35) iz Beograda, koji je zadobio vi\u0161e prostrenih rana u pucnjavi u ponedeljak uve\u010de u Jagodini. Pogo\u0111en je u rame, le\u0111a i noge, posebno je te\u0161ka povreda potkolenice, nema povrede vitalnih organa.<\/p>\n<p>-Lekari su obavili vi\u0161e operacija. Svestan je, i sve vreme je bio svestan. Ima te\u0161eke povrede od vi\u0161e hitaca iz vatrenog oru\u017eja, ka\u017ee izvor iz istrage.<\/p>\n<p>Policija intenzivno traga za po\u010dinicima ovog krivi\u010dnog dela, koji se dogodio isped marketa Roda oko 23 sata. Stanojlovi\u0107 je ulazio u vozilo kada je na njega pucano. Prakti\u010dno je po\u010dinilac tog krivi\u010dnog dela ispraznio ceo \u0161ar\u017eer. Prema nezvani\u010dnim podacima policija je prona\u0161la 22 \u010daure, a Stanojlovi\u0107 je imao 12 rana na telu.\u00a0 On je 2008 godine ubio Veljka Stojanovi\u0107a u Para\u0107inu, ali nije osu\u0111en za to svirepo krivi\u010dno delo, ve\u0107 je upu\u0107en na le\u010denje u specijalnu bolnicu sa dijagnoznom paranodina psihoza. Posle sedam godina le\u010denja u specijalnoj zatvorskoj bolnici u Kovinu on je pu\u0161ten na slobodu. Stanojlovi\u0107 je i ranije bio poznat po izvre\u0161njima te\u0161kih krivi\u010dnih dela. On je rodom iz Kru\u0161ara kod \u0106urpije.<\/p>\n","protected":false},"excerpt":{"rendered":"<p>JAGODINA-Lekari KBC Kragujevac se ne izja\u0161njavaju zdravstevnom stanju te\u0161ko ranjenog Darka Stanojlovi\u0107a (35) iz Beograda, koji je zadobio vi\u0161e prostrenih rana u pucnjavi u ponedeljak &hellip; <\/p>\n","protected":false},"author":4,"featured_media":7875,"comment_status":"open","ping_status":"open","sticky":false,"template":"","format":"standard","meta":{"footnotes":""},"categories":[1524,20,2,1514],"tags":[1925,1924,482],"_links":{"self":[{"href":"https:\/\/centralmedia.rs\/index.php\/wp-json\/wp\/v2\/posts\/7909"}],"collection":[{"href":"https:\/\/centralmedia.rs\/index.php\/wp-json\/wp\/v2\/posts"}],"about":[{"href":"https:\/\/centralmedia.rs\/index.php\/wp-json\/wp\/v2\/types\/post"}],"author":[{"embeddable":true,"href":"https:\/\/centralmedia.rs\/index.php\/wp-json\/wp\/v2\/users\/4"}],"replies":[{"embeddable":true,"href":"https:\/\/centralmedia.rs\/index.php\/wp-json\/wp\/v2\/comments?post=7909"}],"version-history":[{"count":0,"href":"https:\/\/centralmedia.rs\/index.php\/wp-json\/wp\/v2\/posts\/7909\/revisions"}],"wp:featuredmedia":[{"embeddable":true,"href":"https:\/\/centralmedia.rs\/index.php\/wp-json\/wp\/v2\/media\/7875"}],"wp:attachment":[{"href":"https:\/\/centralmedia.rs\/index.php\/wp-json\/wp\/v2\/media?parent=7909"}],"wp:term":[{"taxonomy":"category","embeddable":true,"href":"https:\/\/centralmedia.rs\/index.php\/wp-json\/wp\/v2\/categories?post=7909"},{"taxonomy":"post_tag","embeddable":true,"href":"https:\/\/centralmedia.rs\/index.php\/wp-json\/wp\/v2\/tags?post=7909"}],"curies":[{"name":"wp","href":"https:\/\/api.w.org\/{rel}","templated":true}]}}