{"id":7923,"date":"2017-05-14T16:17:55","date_gmt":"2017-05-14T16:17:55","guid":{"rendered":"http:\/\/centralmedia.rs\/?p=7923"},"modified":"2017-05-14T16:18:33","modified_gmt":"2017-05-14T16:18:33","slug":"dan-crkve-svetog-leopolda-bogdana-mandica-u-jagodini","status":"publish","type":"post","link":"https:\/\/centralmedia.rs\/index.php\/2017\/05\/14\/dan-crkve-svetog-leopolda-bogdana-mandica-u-jagodini\/","title":{"rendered":"DAN CRKVE SVETOG LEOPOLDA BOGDANA MANDI\u0106A U JAGODINI"},"content":{"rendered":"<p>JAGODINA-Beogradski nadbiskup Stanislav Ho\u010devar sa sve\u0161tenicima te nadbiskupije slu\u017eio je sve\u010danu misu u crkvi Svetog Leopolda Mandi\u0107a povodom dana te jagodinske \u017eupe i njenog za\u0161titnika. Na sam dan Leopoldova crkva u Jagodini bila je premalena da primi veliki broj vernika i hodo\u010dasnika.<a href=\"https:\/\/centralmedia.rs\/wp-content\/uploads\/2017\/05\/lepoldovo-1.jpg\"><img loading=\"lazy\" decoding=\"async\" class=\"aligncenter size-full wp-image-7925\" src=\"https:\/\/centralmedia.rs\/wp-content\/uploads\/2017\/05\/lepoldovo-1.jpg\" alt=\"\" width=\"960\" height=\"640\" srcset=\"https:\/\/centralmedia.rs\/wp-content\/uploads\/2017\/05\/lepoldovo-1.jpg 960w, https:\/\/centralmedia.rs\/wp-content\/uploads\/2017\/05\/lepoldovo-1-300x200.jpg 300w, https:\/\/centralmedia.rs\/wp-content\/uploads\/2017\/05\/lepoldovo-1-768x512.jpg 768w\" sizes=\"(max-width: 960px) 100vw, 960px\" \/><\/a><\/p>\n<p>-Kolike li plodnosti u \u017eivotu koji je skriven s Kristom u Bogu, da se poslu\u017eimo rije\u010dima velikoga apostola Pavla. Sam Bog zna koliko je za tih \u010detrdeset godina provedenih u polumra\u010dnoj sobici \u2013 ispovjedaonici, u du\u0161e ljudi unio svjetla Bo\u017eje ljubavi i milosr\u0111a. Kolikima je donio Bo\u017eje opro\u0161tenje i nadu pomiriv\u0161i ih s Bogom! Kolikima je otvorio o\u010di da u svome \u017eivotu upoznaju i prepoznaju Boga koji je ljubav! Zato je sv. Leopold uzor \u017eivljenja i zagovornik u krizama i tjeskobama. Sve\u0107enicima kao uzor neumornog ispovjednika, a svim vjernicima kao divan Bo\u017eji dar providnosti, \u00a0istakao je nadbiskup \u00a0Ho\u010devar.<br \/>\nPored Ho\u010devara sve\u010danu misu slu\u017eili su \u00a0Aleksandar Kova\u010devi\u0107, generalni vikar, kancelar Beogradske nadbiskupije i \u017eupnik \u017eupe Krista Kralja u Beogradu, \u00a0Marko Tro\u0161t, dekan ni\u0161kog dekanata i \u017eupnik u Ni\u0161u i Aleksincu, fra Ilija Aland\u017eak, dekan beogradski i \u017eupnik \u017eupe sv. Ante u Beogradu, Stjepan Vinoj\u010di\u0107, \u017eupnikom u Kragujevcu i Kraljevu, Leonid Bevz, \u017eupnik u Boru i Zaje\u010daru i \u017eupnik doma\u0107in vele\u010dasni Ivan Poleto.<a href=\"https:\/\/centralmedia.rs\/wp-content\/uploads\/2017\/05\/lepoldovo-3.jpg\"><img loading=\"lazy\" decoding=\"async\" class=\"aligncenter size-full wp-image-7926\" src=\"https:\/\/centralmedia.rs\/wp-content\/uploads\/2017\/05\/lepoldovo-3.jpg\" alt=\"\" width=\"960\" height=\"720\" srcset=\"https:\/\/centralmedia.rs\/wp-content\/uploads\/2017\/05\/lepoldovo-3.jpg 960w, https:\/\/centralmedia.rs\/wp-content\/uploads\/2017\/05\/lepoldovo-3-300x225.jpg 300w, https:\/\/centralmedia.rs\/wp-content\/uploads\/2017\/05\/lepoldovo-3-768x576.jpg 768w, https:\/\/centralmedia.rs\/wp-content\/uploads\/2017\/05\/lepoldovo-3-80x60.jpg 80w, https:\/\/centralmedia.rs\/wp-content\/uploads\/2017\/05\/lepoldovo-3-265x198.jpg 265w\" sizes=\"(max-width: 960px) 100vw, 960px\" \/><\/a><\/p>\n<p>On je po\u017eelio dobrodo\u0161licu posebno hodo\u010dasnicima iz Beograda, Kragujevca, Bora i Zaje\u010dara re\u010dima ,, ve\u010deras nas je u ovom slavlju na\u0161eg nebeskog za\u0161titnika sv. Leopolda okupio jedan divan znak vjere: tako malen rastom, a tako veliki svetac&#8221;.<br \/>\n-Sv. Leopold cijeli je svoj \u017eivot gotovo isklju\u010divo posvetio slu\u017ebi ispovijedanja. A bio je i prorok duhovnoga ekumenizma. Tijekom vi\u0161e od 50 godina osje\u0107ao je u svojemu srcu taj sna\u017eni poziv koji ga je poticao da se daje, da se posve\u0107uje, da moli i radi za jedinstvo kr\u0161\u0107ana, posebno za jedinstvo Zapadne i Isto\u010dne Crkve, Pravoslavne Crkve i Katoli\u010dke Crkve. \u010citav je svoj \u017eivot pro\u017eivio u samostanima, u sobici za ispovijed u Padovi, s tom \u017eeljom, s tim sna\u017enim poticajem da se potpuno dade za jedinstvo kr\u0161\u0107ana. Stoga je posebna radost bila \u0161to su na proslavi nebeskog za\u0161titnika \u017dupe u Jagodini sudjelovali vjernici, bogoslovi, vjerou\u010ditelji i sve\u0107enik sestrinske Srpske Pravoslavne Crkve na \u010delu s parohom jagodinskim o. Jovicom Jovanovi\u0107em, parohom u hramu svete Petke u Jagodini, rekao je Poleto.<\/p>\n","protected":false},"excerpt":{"rendered":"<p>JAGODINA-Beogradski nadbiskup Stanislav Ho\u010devar sa sve\u0161tenicima te nadbiskupije slu\u017eio je sve\u010danu misu u crkvi Svetog Leopolda Mandi\u0107a povodom dana te jagodinske \u017eupe i njenog za\u0161titnika. &hellip; <\/p>\n","protected":false},"author":4,"featured_media":7924,"comment_status":"open","ping_status":"open","sticky":false,"template":"","format":"standard","meta":{"footnotes":""},"categories":[1524,2,1514],"tags":[58,1936,1935],"_links":{"self":[{"href":"https:\/\/centralmedia.rs\/index.php\/wp-json\/wp\/v2\/posts\/7923"}],"collection":[{"href":"https:\/\/centralmedia.rs\/index.php\/wp-json\/wp\/v2\/posts"}],"about":[{"href":"https:\/\/centralmedia.rs\/index.php\/wp-json\/wp\/v2\/types\/post"}],"author":[{"embeddable":true,"href":"https:\/\/centralmedia.rs\/index.php\/wp-json\/wp\/v2\/users\/4"}],"replies":[{"embeddable":true,"href":"https:\/\/centralmedia.rs\/index.php\/wp-json\/wp\/v2\/comments?post=7923"}],"version-history":[{"count":0,"href":"https:\/\/centralmedia.rs\/index.php\/wp-json\/wp\/v2\/posts\/7923\/revisions"}],"wp:featuredmedia":[{"embeddable":true,"href":"https:\/\/centralmedia.rs\/index.php\/wp-json\/wp\/v2\/media\/7924"}],"wp:attachment":[{"href":"https:\/\/centralmedia.rs\/index.php\/wp-json\/wp\/v2\/media?parent=7923"}],"wp:term":[{"taxonomy":"category","embeddable":true,"href":"https:\/\/centralmedia.rs\/index.php\/wp-json\/wp\/v2\/categories?post=7923"},{"taxonomy":"post_tag","embeddable":true,"href":"https:\/\/centralmedia.rs\/index.php\/wp-json\/wp\/v2\/tags?post=7923"}],"curies":[{"name":"wp","href":"https:\/\/api.w.org\/{rel}","templated":true}]}}