{"id":7932,"date":"2017-05-15T06:52:57","date_gmt":"2017-05-15T06:52:57","guid":{"rendered":"http:\/\/centralmedia.rs\/?p=7932"},"modified":"2017-05-15T06:53:23","modified_gmt":"2017-05-15T06:53:23","slug":"posle-tri-godine-od-katastrofalnih-poplava-pocinje-regulacija-resave-crnice","status":"publish","type":"post","link":"https:\/\/centralmedia.rs\/index.php\/2017\/05\/15\/posle-tri-godine-od-katastrofalnih-poplava-pocinje-regulacija-resave-crnice\/","title":{"rendered":"POSLE TRI GODINE OD KATASTROFALNIH POPLAVA &#8211; PO\u010cINJE REGULACIJA RESAVE I CRNICE"},"content":{"rendered":"<p>SVILAJNAC-EU za regualciju Resave kod Svilajnca i Crnice kod Para\u0107ina izdvoji\u0107e oko 7 miliona evra, a konkretni radovi po\u010dinju do kraja maja ili po\u010detkom juna. Te dve reke su pre tri godine u katastrofalnim poplavama pri\u010dinile \u0161tetu u visini od 35 miliona evra. Radovi u Para\u0107inu ko\u0161ta\u0107e oko 3,9 miliona evra.<\/p>\n<div id='gallery-1' class='gallery galleryid-7932 gallery-columns-3 gallery-size-full'><figure class='gallery-item'>\n\t\t\t<div class='gallery-icon landscape'>\n\t\t\t\t<a href='https:\/\/centralmedia.rs\/index.php\/2017\/05\/15\/posle-tri-godine-od-katastrofalnih-poplava-pocinje-regulacija-resave-crnice\/10314642_10203758188577311_4483948431631672814_n-1\/'><img loading=\"lazy\" decoding=\"async\" width=\"800\" height=\"600\" src=\"https:\/\/centralmedia.rs\/wp-content\/uploads\/2017\/05\/10314642_10203758188577311_4483948431631672814_n-1.jpg\" class=\"attachment-full size-full\" alt=\"\" srcset=\"https:\/\/centralmedia.rs\/wp-content\/uploads\/2017\/05\/10314642_10203758188577311_4483948431631672814_n-1.jpg 800w, https:\/\/centralmedia.rs\/wp-content\/uploads\/2017\/05\/10314642_10203758188577311_4483948431631672814_n-1-300x225.jpg 300w, https:\/\/centralmedia.rs\/wp-content\/uploads\/2017\/05\/10314642_10203758188577311_4483948431631672814_n-1-768x576.jpg 768w, https:\/\/centralmedia.rs\/wp-content\/uploads\/2017\/05\/10314642_10203758188577311_4483948431631672814_n-1-80x60.jpg 80w, https:\/\/centralmedia.rs\/wp-content\/uploads\/2017\/05\/10314642_10203758188577311_4483948431631672814_n-1-265x198.jpg 265w\" sizes=\"(max-width: 800px) 100vw, 800px\" \/><\/a>\n\t\t\t<\/div><\/figure><figure class='gallery-item'>\n\t\t\t<div class='gallery-icon landscape'>\n\t\t\t\t<a href='https:\/\/centralmedia.rs\/index.php\/2017\/05\/15\/posle-tri-godine-od-katastrofalnih-poplava-pocinje-regulacija-resave-crnice\/10360395_10203758189657338_9088546826366859327_n\/'><img loading=\"lazy\" decoding=\"async\" width=\"800\" height=\"600\" src=\"https:\/\/centralmedia.rs\/wp-content\/uploads\/2017\/05\/10360395_10203758189657338_9088546826366859327_n.jpg\" class=\"attachment-full size-full\" alt=\"\" srcset=\"https:\/\/centralmedia.rs\/wp-content\/uploads\/2017\/05\/10360395_10203758189657338_9088546826366859327_n.jpg 800w, https:\/\/centralmedia.rs\/wp-content\/uploads\/2017\/05\/10360395_10203758189657338_9088546826366859327_n-300x225.jpg 300w, https:\/\/centralmedia.rs\/wp-content\/uploads\/2017\/05\/10360395_10203758189657338_9088546826366859327_n-768x576.jpg 768w, https:\/\/centralmedia.rs\/wp-content\/uploads\/2017\/05\/10360395_10203758189657338_9088546826366859327_n-80x60.jpg 80w, https:\/\/centralmedia.rs\/wp-content\/uploads\/2017\/05\/10360395_10203758189657338_9088546826366859327_n-265x198.jpg 265w\" sizes=\"(max-width: 800px) 100vw, 800px\" \/><\/a>\n\t\t\t<\/div><\/figure><figure class='gallery-item'>\n\t\t\t<div class='gallery-icon landscape'>\n\t\t\t\t<a href='https:\/\/centralmedia.rs\/index.php\/2017\/05\/15\/posle-tri-godine-od-katastrofalnih-poplava-pocinje-regulacija-resave-crnice\/paracin-1-1\/'><img loading=\"lazy\" decoding=\"async\" width=\"800\" height=\"600\" src=\"https:\/\/centralmedia.rs\/wp-content\/uploads\/2017\/05\/paracin-1-1.jpg\" class=\"attachment-full size-full\" alt=\"\" srcset=\"https:\/\/centralmedia.rs\/wp-content\/uploads\/2017\/05\/paracin-1-1.jpg 800w, https:\/\/centralmedia.rs\/wp-content\/uploads\/2017\/05\/paracin-1-1-300x225.jpg 300w, https:\/\/centralmedia.rs\/wp-content\/uploads\/2017\/05\/paracin-1-1-768x576.jpg 768w, https:\/\/centralmedia.rs\/wp-content\/uploads\/2017\/05\/paracin-1-1-80x60.jpg 80w, https:\/\/centralmedia.rs\/wp-content\/uploads\/2017\/05\/paracin-1-1-265x198.jpg 265w\" sizes=\"(max-width: 800px) 100vw, 800px\" \/><\/a>\n\t\t\t<\/div><\/figure>\n\t\t<\/div>\n\n<p>-Po\u010dela je regulacija korita reke Resave kod Svilajnaca, koja je pre tri godine izazavala katastrofalnu poplavu u kojoj je kompletan grad potopljen, izjavio je predsednik te op\u0161tine Predrag Milanovi\u0107. Regulacija \u0107e trajati 22 meseca, a EU je obezbedila 3 miliona evra. \u00a0<a href=\"https:\/\/centralmedia.rs\/wp-content\/uploads\/2017\/05\/svilajnac-4.jpg\"><img loading=\"lazy\" decoding=\"async\" class=\"aligncenter size-full wp-image-7940\" src=\"https:\/\/centralmedia.rs\/wp-content\/uploads\/2017\/05\/svilajnac-4.jpg\" alt=\"\" width=\"540\" height=\"720\" srcset=\"https:\/\/centralmedia.rs\/wp-content\/uploads\/2017\/05\/svilajnac-4.jpg 540w, https:\/\/centralmedia.rs\/wp-content\/uploads\/2017\/05\/svilajnac-4-225x300.jpg 225w\" sizes=\"(max-width: 540px) 100vw, 540px\" \/><\/a><\/p>\n<p>-Po\u010dela je tre\u0107a faza, odnosno stvaraju se uslovi da vi\u0161e ne do\u0111e do velikih poplava, a to je regulacija Resave. Izabran je izvo\u0111a\u010d radova, \u010deka se stabilizacija vremena i po\u010detkom juna po\u010de\u0107e i konkretni radovi. \u00a0Prva faza vredi oko 1,5 miliona evra, a ukupno \u0107e radovi ko\u0161tati 3 miliona evra, rekao je Milanovi\u0107.<\/p>\n<div id='gallery-2' class='gallery galleryid-7932 gallery-columns-2 gallery-size-full'><figure class='gallery-item'>\n\t\t\t<div class='gallery-icon landscape'>\n\t\t\t\t<a href='https:\/\/centralmedia.rs\/index.php\/2017\/05\/15\/posle-tri-godine-od-katastrofalnih-poplava-pocinje-regulacija-resave-crnice\/svilajnac-2-2\/'><img loading=\"lazy\" decoding=\"async\" width=\"720\" height=\"540\" src=\"https:\/\/centralmedia.rs\/wp-content\/uploads\/2017\/05\/svilajnac-2.jpg\" class=\"attachment-full size-full\" alt=\"\" srcset=\"https:\/\/centralmedia.rs\/wp-content\/uploads\/2017\/05\/svilajnac-2.jpg 720w, https:\/\/centralmedia.rs\/wp-content\/uploads\/2017\/05\/svilajnac-2-300x225.jpg 300w, https:\/\/centralmedia.rs\/wp-content\/uploads\/2017\/05\/svilajnac-2-80x60.jpg 80w, https:\/\/centralmedia.rs\/wp-content\/uploads\/2017\/05\/svilajnac-2-265x198.jpg 265w\" sizes=\"(max-width: 720px) 100vw, 720px\" \/><\/a>\n\t\t\t<\/div><\/figure><figure class='gallery-item'>\n\t\t\t<div class='gallery-icon landscape'>\n\t\t\t\t<a href='https:\/\/centralmedia.rs\/index.php\/2017\/05\/15\/posle-tri-godine-od-katastrofalnih-poplava-pocinje-regulacija-resave-crnice\/svilajnac-8\/'><img loading=\"lazy\" decoding=\"async\" width=\"720\" height=\"540\" src=\"https:\/\/centralmedia.rs\/wp-content\/uploads\/2017\/05\/svilajnac-8.jpg\" class=\"attachment-full size-full\" alt=\"\" srcset=\"https:\/\/centralmedia.rs\/wp-content\/uploads\/2017\/05\/svilajnac-8.jpg 720w, https:\/\/centralmedia.rs\/wp-content\/uploads\/2017\/05\/svilajnac-8-300x225.jpg 300w, https:\/\/centralmedia.rs\/wp-content\/uploads\/2017\/05\/svilajnac-8-80x60.jpg 80w, https:\/\/centralmedia.rs\/wp-content\/uploads\/2017\/05\/svilajnac-8-265x198.jpg 265w\" sizes=\"(max-width: 720px) 100vw, 720px\" \/><\/a>\n\t\t\t<\/div><\/figure>\n\t\t<\/div>\n\n<p>Na toj reci su rekostruisani svi mostovi i izgra\u0111en jedan novi kod sela Subotica, \u0161to je bio preduslov za po\u010detak radova na regulaciji reke. \u00a0<a href=\"https:\/\/centralmedia.rs\/wp-content\/uploads\/2017\/05\/svilajnac-3.jpg\"><img loading=\"lazy\" decoding=\"async\" class=\"aligncenter size-full wp-image-7939\" src=\"https:\/\/centralmedia.rs\/wp-content\/uploads\/2017\/05\/svilajnac-3.jpg\" alt=\"\" width=\"716\" height=\"403\" srcset=\"https:\/\/centralmedia.rs\/wp-content\/uploads\/2017\/05\/svilajnac-3.jpg 716w, https:\/\/centralmedia.rs\/wp-content\/uploads\/2017\/05\/svilajnac-3-300x169.jpg 300w\" sizes=\"(max-width: 716px) 100vw, 716px\" \/><\/a><\/p>\n<p>-Na obnovu i sanaciju objekta je ulo\u017eeno oko milijardu dinara. Posle poplave obavili smo kompletnu obnovu i mogu da ka\u017eem da smo uradili sve \u0161to smo planirali. Svi javni objekti su rekonstruisani, 80 miliona dinara je ulo\u017eeno u privredu, 2.300 doma\u0107instva je dobilo dr\u017eavnu pomo\u0107, istakao je Milanovi\u0107.<\/p>\n","protected":false},"excerpt":{"rendered":"<p>SVILAJNAC-EU za regualciju Resave kod Svilajnca i Crnice kod Para\u0107ina izdvoji\u0107e oko 7 miliona evra, a konkretni radovi po\u010dinju do kraja maja ili po\u010detkom juna. &hellip; <\/p>\n","protected":false},"author":4,"featured_media":7933,"comment_status":"open","ping_status":"open","sticky":false,"template":"","format":"standard","meta":{"footnotes":""},"categories":[1524,2,1516,887,1517],"tags":[1551,156,517,470,38],"_links":{"self":[{"href":"https:\/\/centralmedia.rs\/index.php\/wp-json\/wp\/v2\/posts\/7932"}],"collection":[{"href":"https:\/\/centralmedia.rs\/index.php\/wp-json\/wp\/v2\/posts"}],"about":[{"href":"https:\/\/centralmedia.rs\/index.php\/wp-json\/wp\/v2\/types\/post"}],"author":[{"embeddable":true,"href":"https:\/\/centralmedia.rs\/index.php\/wp-json\/wp\/v2\/users\/4"}],"replies":[{"embeddable":true,"href":"https:\/\/centralmedia.rs\/index.php\/wp-json\/wp\/v2\/comments?post=7932"}],"version-history":[{"count":0,"href":"https:\/\/centralmedia.rs\/index.php\/wp-json\/wp\/v2\/posts\/7932\/revisions"}],"wp:featuredmedia":[{"embeddable":true,"href":"https:\/\/centralmedia.rs\/index.php\/wp-json\/wp\/v2\/media\/7933"}],"wp:attachment":[{"href":"https:\/\/centralmedia.rs\/index.php\/wp-json\/wp\/v2\/media?parent=7932"}],"wp:term":[{"taxonomy":"category","embeddable":true,"href":"https:\/\/centralmedia.rs\/index.php\/wp-json\/wp\/v2\/categories?post=7932"},{"taxonomy":"post_tag","embeddable":true,"href":"https:\/\/centralmedia.rs\/index.php\/wp-json\/wp\/v2\/tags?post=7932"}],"curies":[{"name":"wp","href":"https:\/\/api.w.org\/{rel}","templated":true}]}}