{"id":7943,"date":"2017-05-15T14:09:28","date_gmt":"2017-05-15T14:09:28","guid":{"rendered":"http:\/\/centralmedia.rs\/?p=7943"},"modified":"2017-05-15T14:09:28","modified_gmt":"2017-05-15T14:09:28","slug":"paracin-tri-godine-posle-apokalipticne-poplave","status":"publish","type":"post","link":"https:\/\/centralmedia.rs\/index.php\/2017\/05\/15\/paracin-tri-godine-posle-apokalipticne-poplave\/","title":{"rendered":"PARA\u0106IN TRI GODINE POSLE APOKALIPTI\u010cNE POPLAVE"},"content":{"rendered":"<p>PARA\u0106IN-Predsednik op\u0161tine Para\u0107in Sa\u0161a Paunovi\u0107 o Para\u0107inu tri godine posle poplave.<\/p>\n<div id='gallery-1' class='gallery galleryid-7943 gallery-columns-3 gallery-size-full'><figure class='gallery-item'>\n\t\t\t<div class='gallery-icon landscape'>\n\t\t\t\t<a href='https:\/\/centralmedia.rs\/index.php\/2017\/05\/15\/paracin-tri-godine-posle-apokalipticne-poplave\/paracin-4-2\/'><img loading=\"lazy\" decoding=\"async\" width=\"1417\" height=\"945\" src=\"https:\/\/centralmedia.rs\/wp-content\/uploads\/2017\/05\/paracin-4.jpg\" class=\"attachment-full size-full\" alt=\"\" srcset=\"https:\/\/centralmedia.rs\/wp-content\/uploads\/2017\/05\/paracin-4.jpg 1417w, https:\/\/centralmedia.rs\/wp-content\/uploads\/2017\/05\/paracin-4-300x200.jpg 300w, https:\/\/centralmedia.rs\/wp-content\/uploads\/2017\/05\/paracin-4-768x512.jpg 768w, https:\/\/centralmedia.rs\/wp-content\/uploads\/2017\/05\/paracin-4-1024x683.jpg 1024w\" sizes=\"(max-width: 1417px) 100vw, 1417px\" \/><\/a>\n\t\t\t<\/div><\/figure><figure class='gallery-item'>\n\t\t\t<div class='gallery-icon landscape'>\n\t\t\t\t<a href='https:\/\/centralmedia.rs\/index.php\/2017\/05\/15\/paracin-tri-godine-posle-apokalipticne-poplave\/paracin-5-2\/'><img loading=\"lazy\" decoding=\"async\" width=\"1417\" height=\"945\" src=\"https:\/\/centralmedia.rs\/wp-content\/uploads\/2017\/05\/paracin-5.jpg\" class=\"attachment-full size-full\" alt=\"\" srcset=\"https:\/\/centralmedia.rs\/wp-content\/uploads\/2017\/05\/paracin-5.jpg 1417w, https:\/\/centralmedia.rs\/wp-content\/uploads\/2017\/05\/paracin-5-300x200.jpg 300w, https:\/\/centralmedia.rs\/wp-content\/uploads\/2017\/05\/paracin-5-768x512.jpg 768w, https:\/\/centralmedia.rs\/wp-content\/uploads\/2017\/05\/paracin-5-1024x683.jpg 1024w\" sizes=\"(max-width: 1417px) 100vw, 1417px\" \/><\/a>\n\t\t\t<\/div><\/figure><figure class='gallery-item'>\n\t\t\t<div class='gallery-icon landscape'>\n\t\t\t\t<a href='https:\/\/centralmedia.rs\/index.php\/2017\/05\/15\/paracin-tri-godine-posle-apokalipticne-poplave\/paracin-11\/'><img loading=\"lazy\" decoding=\"async\" width=\"1417\" height=\"945\" src=\"https:\/\/centralmedia.rs\/wp-content\/uploads\/2017\/05\/paracin-11.jpg\" class=\"attachment-full size-full\" alt=\"\" srcset=\"https:\/\/centralmedia.rs\/wp-content\/uploads\/2017\/05\/paracin-11.jpg 1417w, https:\/\/centralmedia.rs\/wp-content\/uploads\/2017\/05\/paracin-11-300x200.jpg 300w, https:\/\/centralmedia.rs\/wp-content\/uploads\/2017\/05\/paracin-11-768x512.jpg 768w, https:\/\/centralmedia.rs\/wp-content\/uploads\/2017\/05\/paracin-11-1024x683.jpg 1024w\" sizes=\"(max-width: 1417px) 100vw, 1417px\" \/><\/a>\n\t\t\t<\/div><\/figure>\n\t\t<\/div>\n\n<p>-Tri godine kasnije, Para\u0107in ima sistem ranog upozorenja na poplavni talas, koji je sama op\u0161tina finansirala, \u0161to zna\u010di da sada mo\u017eemo pouzdanije i preciznije da procenimo mogu\u0107u opasnost. Dok ne bude izgra\u0111en novi sistem odbrane od poplava u samom gradu, \u010dija izgradnja u organizaciji &#8220;Srbijavoda&#8221; i uz finansiranje sredstvima EU treba da po\u010dne ove godine, ne\u0107e biti druge mogu\u0107nosti za odbranu od sli\u010dnog poplavnog talasa osim blagovremene evakuacije ljudi i imovine, ka\u017ee Paunovi\u0107.<\/p>\n<div id='gallery-2' class='gallery galleryid-7943 gallery-columns-2 gallery-size-full'><figure class='gallery-item'>\n\t\t\t<div class='gallery-icon landscape'>\n\t\t\t\t<a href='https:\/\/centralmedia.rs\/index.php\/2017\/05\/15\/paracin-tri-godine-posle-apokalipticne-poplave\/paracin-pn-2\/'><img loading=\"lazy\" decoding=\"async\" width=\"800\" height=\"600\" src=\"https:\/\/centralmedia.rs\/wp-content\/uploads\/2017\/05\/PARACIN-PN-2.jpg\" class=\"attachment-full size-full\" alt=\"\" srcset=\"https:\/\/centralmedia.rs\/wp-content\/uploads\/2017\/05\/PARACIN-PN-2.jpg 800w, https:\/\/centralmedia.rs\/wp-content\/uploads\/2017\/05\/PARACIN-PN-2-300x225.jpg 300w, https:\/\/centralmedia.rs\/wp-content\/uploads\/2017\/05\/PARACIN-PN-2-768x576.jpg 768w, https:\/\/centralmedia.rs\/wp-content\/uploads\/2017\/05\/PARACIN-PN-2-80x60.jpg 80w, https:\/\/centralmedia.rs\/wp-content\/uploads\/2017\/05\/PARACIN-PN-2-265x198.jpg 265w\" sizes=\"(max-width: 800px) 100vw, 800px\" \/><\/a>\n\t\t\t<\/div><\/figure><figure class='gallery-item'>\n\t\t\t<div class='gallery-icon landscape'>\n\t\t\t\t<a href='https:\/\/centralmedia.rs\/index.php\/2017\/05\/15\/paracin-tri-godine-posle-apokalipticne-poplave\/paracin-pn-4\/'><img loading=\"lazy\" decoding=\"async\" width=\"800\" height=\"600\" src=\"https:\/\/centralmedia.rs\/wp-content\/uploads\/2017\/05\/PARACIN-PN-4.jpg\" class=\"attachment-full size-full\" alt=\"\" srcset=\"https:\/\/centralmedia.rs\/wp-content\/uploads\/2017\/05\/PARACIN-PN-4.jpg 800w, https:\/\/centralmedia.rs\/wp-content\/uploads\/2017\/05\/PARACIN-PN-4-300x225.jpg 300w, https:\/\/centralmedia.rs\/wp-content\/uploads\/2017\/05\/PARACIN-PN-4-768x576.jpg 768w, https:\/\/centralmedia.rs\/wp-content\/uploads\/2017\/05\/PARACIN-PN-4-80x60.jpg 80w, https:\/\/centralmedia.rs\/wp-content\/uploads\/2017\/05\/PARACIN-PN-4-265x198.jpg 265w\" sizes=\"(max-width: 800px) 100vw, 800px\" \/><\/a>\n\t\t\t<\/div><\/figure>\n\t\t<\/div>\n\n<p>Op\u0161tina je obezbedila i donatorska sredstva za ru\u0161enje i ponovnu izgradnju nekoliko mostova na Crnici kako bi se obezbedila ve\u0107a proto\u010dnost reke kroz grad, jer su mostovi i bili jedan od klju\u010dnih razloga za razornu poplavu, budu\u0107i da u vreme kada su gra\u0111ani nisu po\u0161tovani svi uslovi &#8220;Srbijavoda&#8221; i izgradnjom je smanjen profil korita.<\/p>\n<p>-Kad je re\u010d o selima pogo\u0111enim poplavom, u Gornjoj Mutnici je izgra\u0111eno novo korito reke Suvare, sredstvima EU preko Kancelarije za javna ulaganja, u Davidovcu se priprema projektna dokumentacija za izgradnju nasipa pored reke Grze, a Glavica je obuhva\u0107ena sistemom odbrane na Crnici. Obnova javnih objekata, pre svega \u0161kola i vrti\u0107a, uspe\u0161no je sprovedena, obnovljena je i ve\u0107ina stambenih objekata, a na \u017ealost iz razli\u010ditih, uglavnom imovinsko pravnih razloga, jo\u0161 nekoliko predmeta koji se odnose na stambene objekte u vlasni\u0161tvu gra\u0111ana postupak je u toku, rekao je Paunovi\u0107.<\/p>\n<p>&nbsp;<\/p>\n","protected":false},"excerpt":{"rendered":"<p>PARA\u0106IN-Predsednik op\u0161tine Para\u0107in Sa\u0161a Paunovi\u0107 o Para\u0107inu tri godine posle poplave. -Tri godine kasnije, Para\u0107in ima sistem ranog upozorenja na poplavni talas, koji je sama &hellip; <\/p>\n","protected":false},"author":4,"featured_media":7944,"comment_status":"open","ping_status":"open","sticky":false,"template":"","format":"standard","meta":{"footnotes":""},"categories":[1524,2,1516,887],"tags":[156,599,1938],"_links":{"self":[{"href":"https:\/\/centralmedia.rs\/index.php\/wp-json\/wp\/v2\/posts\/7943"}],"collection":[{"href":"https:\/\/centralmedia.rs\/index.php\/wp-json\/wp\/v2\/posts"}],"about":[{"href":"https:\/\/centralmedia.rs\/index.php\/wp-json\/wp\/v2\/types\/post"}],"author":[{"embeddable":true,"href":"https:\/\/centralmedia.rs\/index.php\/wp-json\/wp\/v2\/users\/4"}],"replies":[{"embeddable":true,"href":"https:\/\/centralmedia.rs\/index.php\/wp-json\/wp\/v2\/comments?post=7943"}],"version-history":[{"count":0,"href":"https:\/\/centralmedia.rs\/index.php\/wp-json\/wp\/v2\/posts\/7943\/revisions"}],"wp:featuredmedia":[{"embeddable":true,"href":"https:\/\/centralmedia.rs\/index.php\/wp-json\/wp\/v2\/media\/7944"}],"wp:attachment":[{"href":"https:\/\/centralmedia.rs\/index.php\/wp-json\/wp\/v2\/media?parent=7943"}],"wp:term":[{"taxonomy":"category","embeddable":true,"href":"https:\/\/centralmedia.rs\/index.php\/wp-json\/wp\/v2\/categories?post=7943"},{"taxonomy":"post_tag","embeddable":true,"href":"https:\/\/centralmedia.rs\/index.php\/wp-json\/wp\/v2\/tags?post=7943"}],"curies":[{"name":"wp","href":"https:\/\/api.w.org\/{rel}","templated":true}]}}