{"id":7951,"date":"2017-05-15T14:20:50","date_gmt":"2017-05-15T14:20:50","guid":{"rendered":"http:\/\/centralmedia.rs\/?p=7951"},"modified":"2017-05-15T14:20:50","modified_gmt":"2017-05-15T14:20:50","slug":"ispovest-spasioca-iz-svilajnca-pozivi-u-pomoc-jecaji-suze-radosnice","status":"publish","type":"post","link":"https:\/\/centralmedia.rs\/index.php\/2017\/05\/15\/ispovest-spasioca-iz-svilajnca-pozivi-u-pomoc-jecaji-suze-radosnice\/","title":{"rendered":"ISPOVEST SPASIOCA IZ SVILAJNCA-POZIVI U POMO\u0106, JECAJI, SUZE RADOSNICE"},"content":{"rendered":"<p>SVILAJNAC-Jedan od ljudi koji je spa\u0161avao gra\u0111ane i Svilajnca kriti\u010dne no\u0107i je Nenad Milovanovi\u0107 &#8211; Pa\u0161ke, koji je iz vode spasio\u00a0pedesetak gra\u0111ana. On je te\u0161kom ma\u0161inom kr\u010dio put kroz ,,svilajna\u010dko&#8221; more.\u00a0<a href=\"https:\/\/centralmedia.rs\/wp-content\/uploads\/2017\/05\/nenad-milovanovic-suynih-ociju-priseca-se-poplave-2.jpg\"><img loading=\"lazy\" decoding=\"async\" class=\"aligncenter size-full wp-image-7953\" src=\"https:\/\/centralmedia.rs\/wp-content\/uploads\/2017\/05\/nenad-milovanovic-suynih-ociju-priseca-se-poplave-2.jpg\" alt=\"\" width=\"900\" height=\"675\" srcset=\"https:\/\/centralmedia.rs\/wp-content\/uploads\/2017\/05\/nenad-milovanovic-suynih-ociju-priseca-se-poplave-2.jpg 900w, https:\/\/centralmedia.rs\/wp-content\/uploads\/2017\/05\/nenad-milovanovic-suynih-ociju-priseca-se-poplave-2-300x225.jpg 300w, https:\/\/centralmedia.rs\/wp-content\/uploads\/2017\/05\/nenad-milovanovic-suynih-ociju-priseca-se-poplave-2-768x576.jpg 768w, https:\/\/centralmedia.rs\/wp-content\/uploads\/2017\/05\/nenad-milovanovic-suynih-ociju-priseca-se-poplave-2-80x60.jpg 80w, https:\/\/centralmedia.rs\/wp-content\/uploads\/2017\/05\/nenad-milovanovic-suynih-ociju-priseca-se-poplave-2-265x198.jpg 265w\" sizes=\"(max-width: 900px) 100vw, 900px\" \/><\/a><\/p>\n<p>-To je bio haos. Prva slika su mi pet, \u0161est automobila ukr\u0161tenih u vodi. Gledam desno od tog mesta ljude kojima ne mogu da pri\u0111em ma\u0161inom. Kom\u0161ija Ne\u0161a je \u010damcem spa\u0161ava ljude sa krovova. Spasio sam \u010doveka i \u017eenu sa traktora, zatim sam video baku i policajca. Jauci, dozivanje u pomo\u0107 u no\u0107i poplave i suze radosnice kada nas ugledaju. Ulazimo nasumi\u010dno u ku\u0107e, zati\u010demo u jednoj baku koja stoji na stolu, prise\u0107a se spasilac Nenad Milovanovi\u0107 \u2013 Pa\u0161ke.<\/p>\n<figure id=\"attachment_7954\" aria-describedby=\"caption-attachment-7954\" style=\"width: 900px\" class=\"wp-caption aligncenter\"><a href=\"https:\/\/centralmedia.rs\/wp-content\/uploads\/2017\/05\/nenad-milovanovic-sa-spasenim-mopsom-1-pokazuje-nivo-vode.jpg\"><img loading=\"lazy\" decoding=\"async\" class=\"size-full wp-image-7954\" src=\"https:\/\/centralmedia.rs\/wp-content\/uploads\/2017\/05\/nenad-milovanovic-sa-spasenim-mopsom-1-pokazuje-nivo-vode.jpg\" alt=\"\" width=\"900\" height=\"675\" srcset=\"https:\/\/centralmedia.rs\/wp-content\/uploads\/2017\/05\/nenad-milovanovic-sa-spasenim-mopsom-1-pokazuje-nivo-vode.jpg 900w, https:\/\/centralmedia.rs\/wp-content\/uploads\/2017\/05\/nenad-milovanovic-sa-spasenim-mopsom-1-pokazuje-nivo-vode-300x225.jpg 300w, https:\/\/centralmedia.rs\/wp-content\/uploads\/2017\/05\/nenad-milovanovic-sa-spasenim-mopsom-1-pokazuje-nivo-vode-768x576.jpg 768w, https:\/\/centralmedia.rs\/wp-content\/uploads\/2017\/05\/nenad-milovanovic-sa-spasenim-mopsom-1-pokazuje-nivo-vode-80x60.jpg 80w, https:\/\/centralmedia.rs\/wp-content\/uploads\/2017\/05\/nenad-milovanovic-sa-spasenim-mopsom-1-pokazuje-nivo-vode-265x198.jpg 265w\" sizes=\"(max-width: 900px) 100vw, 900px\" \/><\/a><figcaption id=\"caption-attachment-7954\" class=\"wp-caption-text\">Mops koga je Pa\u0161ke spasio od poplave<\/figcaption><\/figure>\n<p>U njegovoj ku\u0107i voda prodrla metar i po, ali on nije bio porodicom, spa\u0161avao je gra\u0111ane kao radnik komunalnog preduze\u0107a.<\/p>\n<p>-Nisam spavao, ni odmarao 72 sata, sve vreme proveo sam za volanom te\u0161ke me\u0161ine sa kojom sam se probijao kroz vodu da bih spasao ugro\u017eene. Porodica je bila na sigurnom, jedino nisam znao za sudbinu mog ljubimca Mopsa. Supruga mi je kazala da su ga izvukli ali nije znala gde se nalazi. Odlazim u sokak,\u00a0 vidim da je voda u mom dvori\u0161tu sve razvalila, a njega zati\u010dem kako le\u017ei na nekoj dasci koja pluta u dubokoj vodi. Pomislio sam da je mrtav. Pozvao sam ga i on se javio. Kako je voda nadolazila on se popeo na dasku i tako plutao. Izvadio sam ga vode, kroz suze pri\u010da svoje drame Milovanovi\u0107<\/p>\n<p>&nbsp;<\/p>\n<p>&nbsp;<\/p>\n","protected":false},"excerpt":{"rendered":"<p>SVILAJNAC-Jedan od ljudi koji je spa\u0161avao gra\u0111ane i Svilajnca kriti\u010dne no\u0107i je Nenad Milovanovi\u0107 &#8211; Pa\u0161ke, koji je iz vode spasio\u00a0pedesetak gra\u0111ana. On je te\u0161kom &hellip; <\/p>\n","protected":false},"author":4,"featured_media":7952,"comment_status":"open","ping_status":"open","sticky":false,"template":"","format":"standard","meta":{"footnotes":""},"categories":[1524,2,887,1517],"tags":[1939,1940,563,1938],"_links":{"self":[{"href":"https:\/\/centralmedia.rs\/index.php\/wp-json\/wp\/v2\/posts\/7951"}],"collection":[{"href":"https:\/\/centralmedia.rs\/index.php\/wp-json\/wp\/v2\/posts"}],"about":[{"href":"https:\/\/centralmedia.rs\/index.php\/wp-json\/wp\/v2\/types\/post"}],"author":[{"embeddable":true,"href":"https:\/\/centralmedia.rs\/index.php\/wp-json\/wp\/v2\/users\/4"}],"replies":[{"embeddable":true,"href":"https:\/\/centralmedia.rs\/index.php\/wp-json\/wp\/v2\/comments?post=7951"}],"version-history":[{"count":0,"href":"https:\/\/centralmedia.rs\/index.php\/wp-json\/wp\/v2\/posts\/7951\/revisions"}],"wp:featuredmedia":[{"embeddable":true,"href":"https:\/\/centralmedia.rs\/index.php\/wp-json\/wp\/v2\/media\/7952"}],"wp:attachment":[{"href":"https:\/\/centralmedia.rs\/index.php\/wp-json\/wp\/v2\/media?parent=7951"}],"wp:term":[{"taxonomy":"category","embeddable":true,"href":"https:\/\/centralmedia.rs\/index.php\/wp-json\/wp\/v2\/categories?post=7951"},{"taxonomy":"post_tag","embeddable":true,"href":"https:\/\/centralmedia.rs\/index.php\/wp-json\/wp\/v2\/tags?post=7951"}],"curies":[{"name":"wp","href":"https:\/\/api.w.org\/{rel}","templated":true}]}}