{"id":7959,"date":"2017-05-15T16:26:10","date_gmt":"2017-05-15T16:26:10","guid":{"rendered":"http:\/\/centralmedia.rs\/?p=7959"},"modified":"2017-05-15T16:26:31","modified_gmt":"2017-05-15T16:26:31","slug":"svilajnac-dobio-prvog-doktora-nauka-za-direktora","status":"publish","type":"post","link":"https:\/\/centralmedia.rs\/index.php\/2017\/05\/15\/svilajnac-dobio-prvog-doktora-nauka-za-direktora\/","title":{"rendered":"SVILAJNAC DOBIO PRVOG DOKTORA NAUKA ZA DIREKTORA"},"content":{"rendered":"<p>SVILAJNAV-Na dana\u0161njoj sednici SO Svilajnac na novi mandat od 4 godine imenovan je direktor KJP \u201eMorava\u201cGoran Boji\u0107, a na mesto direktora Prirodnja\u010dkog Centra Srbije u Svilajncu postavljena je doc. dr Sanja \u0110ur\u0111evi\u0107. Ona ima vi\u0161egodi\u0161nje iskustvo u radu kulturno, prosvetno-obrazovnih ustanova u Jagodini i Beogradu, kao i niz nagrada za rad.<a href=\"https:\/\/centralmedia.rs\/wp-content\/uploads\/2017\/05\/so-svilajnac.jpg\"><img loading=\"lazy\" decoding=\"async\" class=\"aligncenter size-full wp-image-7961\" src=\"https:\/\/centralmedia.rs\/wp-content\/uploads\/2017\/05\/so-svilajnac.jpg\" alt=\"\" width=\"960\" height=\"640\" srcset=\"https:\/\/centralmedia.rs\/wp-content\/uploads\/2017\/05\/so-svilajnac.jpg 960w, https:\/\/centralmedia.rs\/wp-content\/uploads\/2017\/05\/so-svilajnac-300x200.jpg 300w, https:\/\/centralmedia.rs\/wp-content\/uploads\/2017\/05\/so-svilajnac-768x512.jpg 768w\" sizes=\"(max-width: 960px) 100vw, 960px\" \/><\/a> \u00a0 Predsednik op\u0161tine Svilajnac Predrag Milanovi\u0107 je, povodom godi\u0161njice poplava, obavestio odbornike da je u prethodne 3 godine ulo\u017eeno preko 10 miliona evra u obnovu doma\u0107instava, privrednih objekata i infrastrukturu. U tu cifru ura\u010dunat je i po\u010detak regulacije reke Resave od u\u0161\u0107a do izlaska sa teritorije op\u0161tine Svilajnac, \u010dija realizacija po\u010dinje za manje od mesec dana. Milanovi\u0107 je upoznao odbornike da \u0107e i ova godina biti izuzetna po investicionim ulaganjima koja \u0107e prema\u0161iti 8 miliona evra, \u010dime mali broj op\u0161tina u Srbiji mo\u017ee da se pohvali. On je naglasio da je u toku kompletna rekonstrukcija gradskih bazena i zgrade Doma zdravlja, izgradnja novog kru\u017enog toka, nastavak izgradnje vodovodne mre\u017ee na liniji Bobovo-Pro\u0161tinac-Dubnica i Roanda, kanalizacione mre\u017ee u Grabovcu, izgradnja mosta kod Vrlana i rekonstrukcija saobra\u0107ajnica u Poljoprivredno-veterinarskoj \u0161koli. Na kraju sednice predsednik op\u0161tine Svilajnac \u010destitao je na\u0161im sto\u010darima na velikom uspehu koji je ostvaren na 84. Me\u0111unarodnom poljoprivrednom sajmu u Novom Sadu gde su osvojena najvi\u0161a priznanja u mnogim kategorijama.<\/p>\n","protected":false},"excerpt":{"rendered":"<p>SVILAJNAV-Na dana\u0161njoj sednici SO Svilajnac na novi mandat od 4 godine imenovan je direktor KJP \u201eMorava\u201cGoran Boji\u0107, a na mesto direktora Prirodnja\u010dkog Centra Srbije u &hellip; <\/p>\n","protected":false},"author":4,"featured_media":7960,"comment_status":"open","ping_status":"open","sticky":false,"template":"","format":"standard","meta":{"footnotes":""},"categories":[1524,2,887,1517],"tags":[39,1127,1942,1233],"_links":{"self":[{"href":"https:\/\/centralmedia.rs\/index.php\/wp-json\/wp\/v2\/posts\/7959"}],"collection":[{"href":"https:\/\/centralmedia.rs\/index.php\/wp-json\/wp\/v2\/posts"}],"about":[{"href":"https:\/\/centralmedia.rs\/index.php\/wp-json\/wp\/v2\/types\/post"}],"author":[{"embeddable":true,"href":"https:\/\/centralmedia.rs\/index.php\/wp-json\/wp\/v2\/users\/4"}],"replies":[{"embeddable":true,"href":"https:\/\/centralmedia.rs\/index.php\/wp-json\/wp\/v2\/comments?post=7959"}],"version-history":[{"count":0,"href":"https:\/\/centralmedia.rs\/index.php\/wp-json\/wp\/v2\/posts\/7959\/revisions"}],"wp:featuredmedia":[{"embeddable":true,"href":"https:\/\/centralmedia.rs\/index.php\/wp-json\/wp\/v2\/media\/7960"}],"wp:attachment":[{"href":"https:\/\/centralmedia.rs\/index.php\/wp-json\/wp\/v2\/media?parent=7959"}],"wp:term":[{"taxonomy":"category","embeddable":true,"href":"https:\/\/centralmedia.rs\/index.php\/wp-json\/wp\/v2\/categories?post=7959"},{"taxonomy":"post_tag","embeddable":true,"href":"https:\/\/centralmedia.rs\/index.php\/wp-json\/wp\/v2\/tags?post=7959"}],"curies":[{"name":"wp","href":"https:\/\/api.w.org\/{rel}","templated":true}]}}