{"id":7964,"date":"2017-05-16T13:45:04","date_gmt":"2017-05-16T13:45:04","guid":{"rendered":"http:\/\/centralmedia.rs\/?p=7964"},"modified":"2017-05-16T13:45:04","modified_gmt":"2017-05-16T13:45:04","slug":"instrumenti-sa-svih-kontinenata-u-cupriji","status":"publish","type":"post","link":"https:\/\/centralmedia.rs\/index.php\/2017\/05\/16\/instrumenti-sa-svih-kontinenata-u-cupriji\/","title":{"rendered":"INSTRUMENTI SA SVIH KONTINENATA U \u0106UPRIJI"},"content":{"rendered":"<p>\u0106UPRIJA-Preko sto muzi\u010dkih instrumenata iz celog sveta izlo\u017eeno je u Muzeju ,,Horreum Margi \u2013 Ravno\u201c u \u0106upriji. Autor izlo\u017ebe ,,Zvuci sveta\u201d i vlasnik instrumenata je Du\u0161an Stojadinovi\u0107 \u2013 Resavac, izlo\u017ebu je podr\u017ealo Ministarstvo kulture, a realizuje je Ustanova culture \u0106uprija.<\/p>\n<div id='gallery-1' class='gallery galleryid-7964 gallery-columns-3 gallery-size-full'><figure class='gallery-item'>\n\t\t\t<div class='gallery-icon landscape'>\n\t\t\t\t<a href='https:\/\/centralmedia.rs\/index.php\/2017\/05\/16\/instrumenti-sa-svih-kontinenata-u-cupriji\/zvuci-sveta-1\/'><img loading=\"lazy\" decoding=\"async\" width=\"900\" height=\"675\" src=\"https:\/\/centralmedia.rs\/wp-content\/uploads\/2017\/05\/zvuci-sveta-1.jpg\" class=\"attachment-full size-full\" alt=\"\" srcset=\"https:\/\/centralmedia.rs\/wp-content\/uploads\/2017\/05\/zvuci-sveta-1.jpg 900w, https:\/\/centralmedia.rs\/wp-content\/uploads\/2017\/05\/zvuci-sveta-1-300x225.jpg 300w, https:\/\/centralmedia.rs\/wp-content\/uploads\/2017\/05\/zvuci-sveta-1-768x576.jpg 768w, https:\/\/centralmedia.rs\/wp-content\/uploads\/2017\/05\/zvuci-sveta-1-80x60.jpg 80w, https:\/\/centralmedia.rs\/wp-content\/uploads\/2017\/05\/zvuci-sveta-1-265x198.jpg 265w\" sizes=\"(max-width: 900px) 100vw, 900px\" \/><\/a>\n\t\t\t<\/div><\/figure><figure class='gallery-item'>\n\t\t\t<div class='gallery-icon landscape'>\n\t\t\t\t<a href='https:\/\/centralmedia.rs\/index.php\/2017\/05\/16\/instrumenti-sa-svih-kontinenata-u-cupriji\/zvuci-sveta-3\/'><img loading=\"lazy\" decoding=\"async\" width=\"900\" height=\"675\" src=\"https:\/\/centralmedia.rs\/wp-content\/uploads\/2017\/05\/zvuci-sveta-3.jpg\" class=\"attachment-full size-full\" alt=\"\" srcset=\"https:\/\/centralmedia.rs\/wp-content\/uploads\/2017\/05\/zvuci-sveta-3.jpg 900w, https:\/\/centralmedia.rs\/wp-content\/uploads\/2017\/05\/zvuci-sveta-3-300x225.jpg 300w, https:\/\/centralmedia.rs\/wp-content\/uploads\/2017\/05\/zvuci-sveta-3-768x576.jpg 768w, https:\/\/centralmedia.rs\/wp-content\/uploads\/2017\/05\/zvuci-sveta-3-80x60.jpg 80w, https:\/\/centralmedia.rs\/wp-content\/uploads\/2017\/05\/zvuci-sveta-3-265x198.jpg 265w\" sizes=\"(max-width: 900px) 100vw, 900px\" \/><\/a>\n\t\t\t<\/div><\/figure><figure class='gallery-item'>\n\t\t\t<div class='gallery-icon landscape'>\n\t\t\t\t<a href='https:\/\/centralmedia.rs\/index.php\/2017\/05\/16\/instrumenti-sa-svih-kontinenata-u-cupriji\/zvuci-sveta-2\/'><img loading=\"lazy\" decoding=\"async\" width=\"900\" height=\"675\" src=\"https:\/\/centralmedia.rs\/wp-content\/uploads\/2017\/05\/zvuci-sveta-2.jpg\" class=\"attachment-full size-full\" alt=\"\" srcset=\"https:\/\/centralmedia.rs\/wp-content\/uploads\/2017\/05\/zvuci-sveta-2.jpg 900w, https:\/\/centralmedia.rs\/wp-content\/uploads\/2017\/05\/zvuci-sveta-2-300x225.jpg 300w, https:\/\/centralmedia.rs\/wp-content\/uploads\/2017\/05\/zvuci-sveta-2-768x576.jpg 768w, https:\/\/centralmedia.rs\/wp-content\/uploads\/2017\/05\/zvuci-sveta-2-80x60.jpg 80w, https:\/\/centralmedia.rs\/wp-content\/uploads\/2017\/05\/zvuci-sveta-2-265x198.jpg 265w\" sizes=\"(max-width: 900px) 100vw, 900px\" \/><\/a>\n\t\t\t<\/div><\/figure>\n\t\t<\/div>\n\n<p>-Frule iz celog sveta, instrumenti iz Afrike, Indije, Ju\u017ene Amerike i Balkana mogu da se vide i \u010duju u \u0106upriji. Bavim se muzikom i sasvim slu\u010dajno sam po\u010deo da skupljam instrumente iz celog sveta, tako sam se zainteresovao za svetsku muziku. U inostranstvu nabavljam etno instrumente, a jedan od tih eksponata su mi poslali iz Ugande iz plemena u pra\u0161umi. Svi instrumenti su mi dragi, ve\u0107inu sviram na koncertima, raritet je frula stara 250 godina, pri\u010da Stojadinovi\u0107.<\/p>\n<p>Direktor Ustanove kulture Nenad Jovanovi\u0107 najavio je da projekat \u010dine I radionica za decu i mini \u2013 koncert na ovim instrumentima. Direktor \u0107uprijskog muzeja Novak Novakovi\u0107 istakao je da je \u00a0izlo\u017eba na ovu temu prvi put realizovana u Srbiji i da zato i ima veliki zna\u010daj.<\/p>\n","protected":false},"excerpt":{"rendered":"<p>\u0106UPRIJA-Preko sto muzi\u010dkih instrumenata iz celog sveta izlo\u017eeno je u Muzeju ,,Horreum Margi \u2013 Ravno\u201c u \u0106upriji. Autor izlo\u017ebe ,,Zvuci sveta\u201d i vlasnik instrumenata je &hellip; <\/p>\n","protected":false},"author":4,"featured_media":7965,"comment_status":"open","ping_status":"open","sticky":false,"template":"","format":"standard","meta":{"footnotes":""},"categories":[1515,1524,2,887],"tags":[44,1401,1885,1943],"_links":{"self":[{"href":"https:\/\/centralmedia.rs\/index.php\/wp-json\/wp\/v2\/posts\/7964"}],"collection":[{"href":"https:\/\/centralmedia.rs\/index.php\/wp-json\/wp\/v2\/posts"}],"about":[{"href":"https:\/\/centralmedia.rs\/index.php\/wp-json\/wp\/v2\/types\/post"}],"author":[{"embeddable":true,"href":"https:\/\/centralmedia.rs\/index.php\/wp-json\/wp\/v2\/users\/4"}],"replies":[{"embeddable":true,"href":"https:\/\/centralmedia.rs\/index.php\/wp-json\/wp\/v2\/comments?post=7964"}],"version-history":[{"count":0,"href":"https:\/\/centralmedia.rs\/index.php\/wp-json\/wp\/v2\/posts\/7964\/revisions"}],"wp:featuredmedia":[{"embeddable":true,"href":"https:\/\/centralmedia.rs\/index.php\/wp-json\/wp\/v2\/media\/7965"}],"wp:attachment":[{"href":"https:\/\/centralmedia.rs\/index.php\/wp-json\/wp\/v2\/media?parent=7964"}],"wp:term":[{"taxonomy":"category","embeddable":true,"href":"https:\/\/centralmedia.rs\/index.php\/wp-json\/wp\/v2\/categories?post=7964"},{"taxonomy":"post_tag","embeddable":true,"href":"https:\/\/centralmedia.rs\/index.php\/wp-json\/wp\/v2\/tags?post=7964"}],"curies":[{"name":"wp","href":"https:\/\/api.w.org\/{rel}","templated":true}]}}