{"id":7970,"date":"2017-05-16T13:47:20","date_gmt":"2017-05-16T13:47:20","guid":{"rendered":"http:\/\/centralmedia.rs\/?p=7970"},"modified":"2017-05-16T13:47:20","modified_gmt":"2017-05-16T13:47:20","slug":"svilajncani-sampioni-sajma","status":"publish","type":"post","link":"https:\/\/centralmedia.rs\/index.php\/2017\/05\/16\/svilajncani-sampioni-sajma\/","title":{"rendered":"SVILAJN\u010cANI \u0160AMPIONI SAJMA"},"content":{"rendered":"<p>SVILAJNAC-Na 84.Novosadskom poljoprivrednom sajmu Novom Sadu sto\u010dari iz Svilajnca osvojili su pehar apsolutnog \u0161ampiona u kategoriji govedarstva. <a href=\"https:\/\/centralmedia.rs\/wp-content\/uploads\/2017\/05\/GOVEDA-1.jpg\"><img loading=\"lazy\" decoding=\"async\" class=\"alignright size-medium wp-image-7972\" src=\"https:\/\/centralmedia.rs\/wp-content\/uploads\/2017\/05\/GOVEDA-1-300x225.jpg\" alt=\"\" width=\"300\" height=\"225\" srcset=\"https:\/\/centralmedia.rs\/wp-content\/uploads\/2017\/05\/GOVEDA-1-300x225.jpg 300w, https:\/\/centralmedia.rs\/wp-content\/uploads\/2017\/05\/GOVEDA-1-768x576.jpg 768w, https:\/\/centralmedia.rs\/wp-content\/uploads\/2017\/05\/GOVEDA-1-80x60.jpg 80w, https:\/\/centralmedia.rs\/wp-content\/uploads\/2017\/05\/GOVEDA-1-265x198.jpg 265w, https:\/\/centralmedia.rs\/wp-content\/uploads\/2017\/05\/GOVEDA-1.jpg 960w\" sizes=\"(max-width: 300px) 100vw, 300px\" \/><\/a>U kategoriji junica \u0161ampionka Sajma je grlo vlasnika dr Vladana Rajkovi\u0107a kojoj je pripao zlatni pehar, \u00a0Draganu Todorovi\u0107u iz Dublja pripala zlatna medalja za prvu pratilju, a Bobanu Risti\u0107u iz Bobova srebrna medalja za drugu pratilju i Draganu Milojevi\u0107u iz Troponja bronzana medalja za tre\u0107u pratilju u kategoriji junica. Srebrni pehar za izlo\u017eene kolekcije junica dobili su Marko \u0110ur\u0111evi\u0107, Dragan Milojevi\u0107 i dr. Vladan Rajkovi\u0107. U kategoriji mladih kobila za najlep\u0161u je progla\u0161eno grlo sa ergele Milana Rajkovi\u0107a iz Svilajnca, a jo\u0161 jedno grlo osvojilo je tre\u0107e mesto. Za stvaranje odli\u010dnih stru\u010dnjaka u prethodnom periodu specijalnom plaketom je nagra\u0111ena Poljoprivredno &#8211; veterinarska \u0161kola sa domom u\u010denika \u201eSvilajnac\u201c.<\/p>\n","protected":false},"excerpt":{"rendered":"<p>SVILAJNAC-Na 84.Novosadskom poljoprivrednom sajmu Novom Sadu sto\u010dari iz Svilajnca osvojili su pehar apsolutnog \u0161ampiona u kategoriji govedarstva. U kategoriji junica \u0161ampionka Sajma je grlo vlasnika &hellip; <\/p>\n","protected":false},"author":4,"featured_media":7971,"comment_status":"open","ping_status":"open","sticky":false,"template":"","format":"standard","meta":{"footnotes":""},"categories":[1524,2,887,1517],"tags":[1375,1944,38],"_links":{"self":[{"href":"https:\/\/centralmedia.rs\/index.php\/wp-json\/wp\/v2\/posts\/7970"}],"collection":[{"href":"https:\/\/centralmedia.rs\/index.php\/wp-json\/wp\/v2\/posts"}],"about":[{"href":"https:\/\/centralmedia.rs\/index.php\/wp-json\/wp\/v2\/types\/post"}],"author":[{"embeddable":true,"href":"https:\/\/centralmedia.rs\/index.php\/wp-json\/wp\/v2\/users\/4"}],"replies":[{"embeddable":true,"href":"https:\/\/centralmedia.rs\/index.php\/wp-json\/wp\/v2\/comments?post=7970"}],"version-history":[{"count":0,"href":"https:\/\/centralmedia.rs\/index.php\/wp-json\/wp\/v2\/posts\/7970\/revisions"}],"wp:featuredmedia":[{"embeddable":true,"href":"https:\/\/centralmedia.rs\/index.php\/wp-json\/wp\/v2\/media\/7971"}],"wp:attachment":[{"href":"https:\/\/centralmedia.rs\/index.php\/wp-json\/wp\/v2\/media?parent=7970"}],"wp:term":[{"taxonomy":"category","embeddable":true,"href":"https:\/\/centralmedia.rs\/index.php\/wp-json\/wp\/v2\/categories?post=7970"},{"taxonomy":"post_tag","embeddable":true,"href":"https:\/\/centralmedia.rs\/index.php\/wp-json\/wp\/v2\/tags?post=7970"}],"curies":[{"name":"wp","href":"https:\/\/api.w.org\/{rel}","templated":true}]}}