{"id":7987,"date":"2017-05-18T14:46:17","date_gmt":"2017-05-18T14:46:17","guid":{"rendered":"http:\/\/centralmedia.rs\/?p=7987"},"modified":"2017-05-18T14:46:17","modified_gmt":"2017-05-18T14:46:17","slug":"odlozeno-rociste-za-stecaj-staklare","status":"publish","type":"post","link":"https:\/\/centralmedia.rs\/index.php\/2017\/05\/18\/odlozeno-rociste-za-stecaj-staklare\/","title":{"rendered":"ODLO\u017dENO RO\u010cI\u0160TE ZA STE\u010cAJ STAKLARE"},"content":{"rendered":"<p>PARA\u0106IN-U Privrednom sudu u Kragujevcu danas je odlo\u017eeno ro\u010di\u0161te o postojanju ste\u010dajnog razloga i pokretanju ste\u010dajnog postupka u Srpskoj fabric stakla iz Para\u0107ina. Nastavak je zakazan za 30. maj. Firma Veksilum Balkan iz \u010ca\u010dka, osnovana pre tri meseca, zbog duga od 47 miliona evra podnela je predlog za pokretanje ste\u010dajnog postupka. Ukoliko bude pokrenut ste\u010dajni postupak 800 radnika na\u0107i\u0107e se na ulici.<\/p>\n","protected":false},"excerpt":{"rendered":"<p>PARA\u0106IN-U Privrednom sudu u Kragujevcu danas je odlo\u017eeno ro\u010di\u0161te o postojanju ste\u010dajnog razloga i pokretanju ste\u010dajnog postupka u Srpskoj fabric stakla iz Para\u0107ina. Nastavak je &hellip; <\/p>\n","protected":false},"author":4,"featured_media":7988,"comment_status":"open","ping_status":"open","sticky":false,"template":"","format":"standard","meta":{"footnotes":""},"categories":[22,1524,2,1516,887],"tags":[156,158,239],"_links":{"self":[{"href":"https:\/\/centralmedia.rs\/index.php\/wp-json\/wp\/v2\/posts\/7987"}],"collection":[{"href":"https:\/\/centralmedia.rs\/index.php\/wp-json\/wp\/v2\/posts"}],"about":[{"href":"https:\/\/centralmedia.rs\/index.php\/wp-json\/wp\/v2\/types\/post"}],"author":[{"embeddable":true,"href":"https:\/\/centralmedia.rs\/index.php\/wp-json\/wp\/v2\/users\/4"}],"replies":[{"embeddable":true,"href":"https:\/\/centralmedia.rs\/index.php\/wp-json\/wp\/v2\/comments?post=7987"}],"version-history":[{"count":0,"href":"https:\/\/centralmedia.rs\/index.php\/wp-json\/wp\/v2\/posts\/7987\/revisions"}],"wp:featuredmedia":[{"embeddable":true,"href":"https:\/\/centralmedia.rs\/index.php\/wp-json\/wp\/v2\/media\/7988"}],"wp:attachment":[{"href":"https:\/\/centralmedia.rs\/index.php\/wp-json\/wp\/v2\/media?parent=7987"}],"wp:term":[{"taxonomy":"category","embeddable":true,"href":"https:\/\/centralmedia.rs\/index.php\/wp-json\/wp\/v2\/categories?post=7987"},{"taxonomy":"post_tag","embeddable":true,"href":"https:\/\/centralmedia.rs\/index.php\/wp-json\/wp\/v2\/tags?post=7987"}],"curies":[{"name":"wp","href":"https:\/\/api.w.org\/{rel}","templated":true}]}}