{"id":7998,"date":"2017-05-18T16:02:10","date_gmt":"2017-05-18T16:02:10","guid":{"rendered":"http:\/\/centralmedia.rs\/?p=7998"},"modified":"2017-05-18T16:04:56","modified_gmt":"2017-05-18T16:04:56","slug":"vmsss-iz-cuprije-na-kongresu-zdravstvenih-radnika-srbije","status":"publish","type":"post","link":"https:\/\/centralmedia.rs\/index.php\/2017\/05\/18\/vmsss-iz-cuprije-na-kongresu-zdravstvenih-radnika-srbije\/","title":{"rendered":"VM\u0160SS IZ \u0106UPRIJE NA KONGRESU ZDRAVSTVENIH RADNIKA SRBIJE"},"content":{"rendered":"<p>\u0106UPRIJA-Visoka medicnska \u0161kola strukovnih studija iz \u0106uprije u\u010destvuje na Kongresu zdravstvenih radnika Srbije, koji se odr\u017eava na Zlatiboru od 17. do 21. maja. Direktor VM\u0160SS dr sci. med. Hristos Aleksopulos istakao je, obra\u0107aju\u0107i se prisutnima na kongresu, da promociju znanja rade zdravstveni radnici koji po\u0161tuju profesiju, odgovorni su, dobri su saradnici, koji \u017eele i nesebi\u010dno su spremni da dele znanje i ve\u0161tine .<\/p>\n<p>-Zdravlje je najva\u017eniji preduslov za dobar i sre\u0107an \u017eivot, a ulaganje u zdravstveni sistem najsigurnija je investicija u budu\u0107nost. Ulaganje u obrazovanje mladih je najbitniji korak na tom putu strategije razvoja dru\u0161tva, ka\u017ee dr Aleksopulos.<\/p>\n<figure id=\"attachment_8000\" aria-describedby=\"caption-attachment-8000\" style=\"width: 528px\" class=\"wp-caption alignleft\"><a href=\"https:\/\/centralmedia.rs\/wp-content\/uploads\/2017\/05\/VMSSS-Cuprija-na-kongresu-zdravstvenih-radnika-Srbije-02.jpg\"><img loading=\"lazy\" decoding=\"async\" class=\"size-full wp-image-8000\" src=\"https:\/\/centralmedia.rs\/wp-content\/uploads\/2017\/05\/VMSSS-Cuprija-na-kongresu-zdravstvenih-radnika-Srbije-02.jpg\" alt=\"\" width=\"528\" height=\"960\" srcset=\"https:\/\/centralmedia.rs\/wp-content\/uploads\/2017\/05\/VMSSS-Cuprija-na-kongresu-zdravstvenih-radnika-Srbije-02.jpg 528w, https:\/\/centralmedia.rs\/wp-content\/uploads\/2017\/05\/VMSSS-Cuprija-na-kongresu-zdravstvenih-radnika-Srbije-02-165x300.jpg 165w\" sizes=\"(max-width: 528px) 100vw, 528px\" \/><\/a><figcaption id=\"caption-attachment-8000\" class=\"wp-caption-text\">dr Hristos Aleksopulos<\/figcaption><\/figure>\n<p>-Srbija prepoznaje mlade i njihovu potrebu i va\u017enu ulogu u dru\u0161tvu. Mladi su sada\u0161njost i budu\u0107nost dru\u0161tva, resurs inovacija i pokreta\u010dka snaga razvoja dru\u0161tva. Strate\u0161ko opredeljenje dr\u017eave je da radi sa mladima i za mlade, kako bi se mladima omogu\u0107ilo da u potpunosti dostignu svoje potencijale. Programom dr\u017eave obrazovanje \u017eeli da prati savremene tokove, pre svih one u okviru Evropske unije, sa namerom da se priklju\u010di najuspe\u0161nijim modelima. Dr\u017eava Srbija uti\u010de na podizanje nivoa znanja i ve\u0161tina na svim nivoima obrazovanja, rekao je on.<\/p>\n<p>\u0106uprijska \u0161kola je lider u obrazovanju iz oblasti zdravstvene za\u0161tite i nege, \u010diji je prevashodni cilj obrazovanje, usavr\u0161avanje i sticanje znanja kroz moderan pristup nastavi.<\/p>\n<p>-Moderan pristup nastavi i utvr\u0111ene smernice i strategija razvoja i unapre\u0111enja nastave u Visokoj medicinskoj \u0161koli strukovnih studija u \u0106upriji, nagla\u0161ava direktor Aleksopulos, uz uskla\u0111ivanje sa poglavljem 26. Evropske unije i prilago\u0111avanje programa obrazovanja, omogu\u0107i\u0107e da \u0161kola bude prva u Srbiji \u010dije \u0107e diplome svr\u0161enih studenata biti bez nostifikacije priznate u zemljama Evropske unije. To je cilj kome te\u017eimo i nadamo se da \u0107emo taj cilj ostvariti tokom ove godine.<\/p>\n<p>Pokrovitelji kongresa su Ministarstvo zdravlja i Komora medicinskih sestara i zdravstvenih tehni\u010dara Srbije. Danas Visoka medicinska \u0161kola strukovnih studija iz \u0106uprije ima \u0161est studijskih programa na osnovnim strukovnim studijama i \u010detiri specijalisti\u010dka. U pripremi je jo\u0161 jedan studijski program na osnovnim studijama i dve specijalizacije.<a href=\"https:\/\/centralmedia.rs\/wp-content\/uploads\/2017\/05\/VMSSS-Cuprija-na-kongresu-zdravstvenih-radnika-Srbije-01.jpg\"><img loading=\"lazy\" decoding=\"async\" class=\"aligncenter size-full wp-image-8001\" src=\"https:\/\/centralmedia.rs\/wp-content\/uploads\/2017\/05\/VMSSS-Cuprija-na-kongresu-zdravstvenih-radnika-Srbije-01.jpg\" alt=\"\" width=\"1200\" height=\"900\" srcset=\"https:\/\/centralmedia.rs\/wp-content\/uploads\/2017\/05\/VMSSS-Cuprija-na-kongresu-zdravstvenih-radnika-Srbije-01.jpg 1200w, https:\/\/centralmedia.rs\/wp-content\/uploads\/2017\/05\/VMSSS-Cuprija-na-kongresu-zdravstvenih-radnika-Srbije-01-300x225.jpg 300w, https:\/\/centralmedia.rs\/wp-content\/uploads\/2017\/05\/VMSSS-Cuprija-na-kongresu-zdravstvenih-radnika-Srbije-01-768x576.jpg 768w, https:\/\/centralmedia.rs\/wp-content\/uploads\/2017\/05\/VMSSS-Cuprija-na-kongresu-zdravstvenih-radnika-Srbije-01-1024x768.jpg 1024w, https:\/\/centralmedia.rs\/wp-content\/uploads\/2017\/05\/VMSSS-Cuprija-na-kongresu-zdravstvenih-radnika-Srbije-01-80x60.jpg 80w, https:\/\/centralmedia.rs\/wp-content\/uploads\/2017\/05\/VMSSS-Cuprija-na-kongresu-zdravstvenih-radnika-Srbije-01-265x198.jpg 265w\" sizes=\"(max-width: 1200px) 100vw, 1200px\" \/><\/a><\/p>\n<p>Dan medicinskih sestara 12. maj u ovoj \u0161koli obele\u017een je temom koju preporu\u010duje me\u0111unarodno ve\u0107e medicinskih sestara &#8220;SESTRINSKA NEGA GLAS KOJI VODI ZA POSTIZANjE ODR\u017dIVIH RAZVOJNIH CILjEVA&#8221;. Cilj ovogodi\u0161nje teme je da se dru\u0161tvenom i medijskom kampanjom podigne svest kako \u010dlanova sestrinske profesije, tako i op\u0161te populacije kao i da svako na svom nivou doprinese i prepozna napore koji se svakodnevno \u010dine da bi se ovi ciljevi postigli. Usvojeni program zapo\u0161ljavanja medicinskih radnika, lekara i medicinskih tehni\u010dara raznih specijalnosti na Vladi republike Srbije, u narednom period, potvr\u0111uje \u010dinjenicu da dr\u017eava \u017eeli da \u0161to vi\u0161e mladih, obrazovanih ljudi, preuzme brigu o zdravlju gra\u0111ana, ostanu u Srbiji i u na\u0161oj zemlji zasnuju porodicu.<\/p>\n<p>Visoka medicinska \u0161kola strukovnih studija iz \u0106uprije je sve svoje resurse usmerila na zajedni\u010dki koordinisani rad sa studentima, sa ciljem uskla\u0111ivanja nastavnih programa sa evropskim standardima, kako bi se pobolj\u0161ala efikasnost studiranja, podigao nivo znanja i pakti\u010dnih ve\u0161tina u dostizanju celovite, kvalitetne i bezbedne nege na\u0161ih pacijenata, re\u010di su direktora Hristosa Aleksopulosa, jer dobri zdravstveni radnici su najbolji promoteri zdravljai i znanja, \u0161to mogu da potvrde i preko 6.000 svr\u0161enih studenata koji su u ovoj \u0161koli diplomirali na raznim studijskim programima.<\/p>\n<figure id=\"attachment_8002\" aria-describedby=\"caption-attachment-8002\" style=\"width: 900px\" class=\"wp-caption aligncenter\"><a href=\"https:\/\/centralmedia.rs\/wp-content\/uploads\/2017\/05\/ugovor.jpg\"><img loading=\"lazy\" decoding=\"async\" class=\"size-full wp-image-8002\" src=\"https:\/\/centralmedia.rs\/wp-content\/uploads\/2017\/05\/ugovor.jpg\" alt=\"\" width=\"900\" height=\"675\" srcset=\"https:\/\/centralmedia.rs\/wp-content\/uploads\/2017\/05\/ugovor.jpg 900w, https:\/\/centralmedia.rs\/wp-content\/uploads\/2017\/05\/ugovor-300x225.jpg 300w, https:\/\/centralmedia.rs\/wp-content\/uploads\/2017\/05\/ugovor-768x576.jpg 768w, https:\/\/centralmedia.rs\/wp-content\/uploads\/2017\/05\/ugovor-80x60.jpg 80w, https:\/\/centralmedia.rs\/wp-content\/uploads\/2017\/05\/ugovor-265x198.jpg 265w\" sizes=\"(max-width: 900px) 100vw, 900px\" \/><\/a><figcaption id=\"caption-attachment-8002\" class=\"wp-caption-text\">dr Mrvi\u0107, dr Aleksopulos i dr Veli\u010dkovi\u0107<\/figcaption><\/figure>\n<p>\u0106upriji potpisan je ugovor o saradnji VM\u0160SS u \u0106upriji sa\u00a0 Op\u0161tom bolnicom \u201e Studenica\u201c iz Kraljeva i\u00a0 ZC Vranje. Ugovore su potpisali\u00a0 direktori zdravstvenih ustanova\u00a0 mr sci. med. Zoran Mrvi\u0107, spec. de\u010dje hirurgije i de\u010dje urologije\u00a0 i dr med. Dragan Veli\u010dkovi\u0107, spec. ginekologije\u00a0 aku\u0161erstva i dr Aleksopulos. On je upoznao je\u00a0 svoje kolege sa infrastrukturom\u00a0 i uslovima za realizaciju nastave u samoj \u0161koli, kao i sa planovima za pobolj\u0161anje kvaliteta nastave, opremanje sestrinskog poligona i fantom sale. Akcenat se stavlja prevashodno na prakti\u010dnu nastavu iz klini\u010dkih predmeta i na aktivniju participaciju studenata u okviru stru\u010dne prakse, kako bi savladali potrebne\u00a0 ve\u0161tine predvi\u0111ene Direktivom 55\/2013 za obrazovanje sestara i babica i kako bi odmah po zavr\u0161etku studija, primenili nau\u010deno.<\/p>\n<p>U cilju realizacije ovog programa, koji bi na\u0161im studentima omogu\u0107io da steknu evropske diplome, apliciranje za zajedni\u010dke projekte na nacionalnom i me\u0111unarodnom nivou, a\u00a0 vezano za unapre\u0111enje kvaliteta nastave na svim nivoima.<\/p>\n","protected":false},"excerpt":{"rendered":"<p>\u0106UPRIJA-Visoka medicnska \u0161kola strukovnih studija iz \u0106uprije u\u010destvuje na Kongresu zdravstvenih radnika Srbije, koji se odr\u017eava na Zlatiboru od 17. do 21. maja. Direktor VM\u0160SS &hellip; <\/p>\n","protected":false},"author":4,"featured_media":7999,"comment_status":"open","ping_status":"open","sticky":false,"template":"","format":"standard","meta":{"footnotes":""},"categories":[1515,1524,2,887,12],"tags":[44,1950,1036,1949],"_links":{"self":[{"href":"https:\/\/centralmedia.rs\/index.php\/wp-json\/wp\/v2\/posts\/7998"}],"collection":[{"href":"https:\/\/centralmedia.rs\/index.php\/wp-json\/wp\/v2\/posts"}],"about":[{"href":"https:\/\/centralmedia.rs\/index.php\/wp-json\/wp\/v2\/types\/post"}],"author":[{"embeddable":true,"href":"https:\/\/centralmedia.rs\/index.php\/wp-json\/wp\/v2\/users\/4"}],"replies":[{"embeddable":true,"href":"https:\/\/centralmedia.rs\/index.php\/wp-json\/wp\/v2\/comments?post=7998"}],"version-history":[{"count":0,"href":"https:\/\/centralmedia.rs\/index.php\/wp-json\/wp\/v2\/posts\/7998\/revisions"}],"wp:featuredmedia":[{"embeddable":true,"href":"https:\/\/centralmedia.rs\/index.php\/wp-json\/wp\/v2\/media\/7999"}],"wp:attachment":[{"href":"https:\/\/centralmedia.rs\/index.php\/wp-json\/wp\/v2\/media?parent=7998"}],"wp:term":[{"taxonomy":"category","embeddable":true,"href":"https:\/\/centralmedia.rs\/index.php\/wp-json\/wp\/v2\/categories?post=7998"},{"taxonomy":"post_tag","embeddable":true,"href":"https:\/\/centralmedia.rs\/index.php\/wp-json\/wp\/v2\/tags?post=7998"}],"curies":[{"name":"wp","href":"https:\/\/api.w.org\/{rel}","templated":true}]}}