{"id":8004,"date":"2017-05-19T13:15:38","date_gmt":"2017-05-19T13:15:38","guid":{"rendered":"http:\/\/centralmedia.rs\/?p=8004"},"modified":"2017-05-19T13:15:38","modified_gmt":"2017-05-19T13:15:38","slug":"u-cuprijskom-muzeju-zvuci-sveta-zanimljivi-najmladjima","status":"publish","type":"post","link":"https:\/\/centralmedia.rs\/index.php\/2017\/05\/19\/u-cuprijskom-muzeju-zvuci-sveta-zanimljivi-najmladjima\/","title":{"rendered":"U \u0106UPRIJSKOM MUZEJU &#8211; ZVUCI SVETA ZANIMLJIVI NAJMLA\u0110IMA"},"content":{"rendered":"<p>\u0106UPRIJA-Oko 700 \u0107uprijskih osnovaca u\u010destvovalo je u projektu ,,Zvuci sveta\u201c, odnosno popularizacije svetske etno muzike i kulturne ba\u0161tine kroz izlo\u017ebu preko 100 instrumenata sa svih kontinenata, radionice za najmla\u0111e i celove\u010dernjeg \u00a0koncerta. Projekat je Ustanove kulture ralizovan u Muzeju Horeum Margi-Ravno.<\/p>\n<div id='gallery-1' class='gallery galleryid-8004 gallery-columns-3 gallery-size-full'><figure class='gallery-item'>\n\t\t\t<div class='gallery-icon landscape'>\n\t\t\t\t<a href='https:\/\/centralmedia.rs\/index.php\/2017\/05\/19\/u-cuprijskom-muzeju-zvuci-sveta-zanimljivi-najmladjima\/deca-radionica\/'><img loading=\"lazy\" decoding=\"async\" width=\"960\" height=\"540\" src=\"https:\/\/centralmedia.rs\/wp-content\/uploads\/2017\/05\/DECA-radionica.jpg\" class=\"attachment-full size-full\" alt=\"\" srcset=\"https:\/\/centralmedia.rs\/wp-content\/uploads\/2017\/05\/DECA-radionica.jpg 960w, https:\/\/centralmedia.rs\/wp-content\/uploads\/2017\/05\/DECA-radionica-300x169.jpg 300w, https:\/\/centralmedia.rs\/wp-content\/uploads\/2017\/05\/DECA-radionica-768x432.jpg 768w\" sizes=\"(max-width: 960px) 100vw, 960px\" \/><\/a>\n\t\t\t<\/div><\/figure><figure class='gallery-item'>\n\t\t\t<div class='gallery-icon landscape'>\n\t\t\t\t<a href='https:\/\/centralmedia.rs\/index.php\/2017\/05\/19\/u-cuprijskom-muzeju-zvuci-sveta-zanimljivi-najmladjima\/deca-radionica-1\/'><img loading=\"lazy\" decoding=\"async\" width=\"960\" height=\"540\" src=\"https:\/\/centralmedia.rs\/wp-content\/uploads\/2017\/05\/DECA-radionica-1.jpg\" class=\"attachment-full size-full\" alt=\"\" srcset=\"https:\/\/centralmedia.rs\/wp-content\/uploads\/2017\/05\/DECA-radionica-1.jpg 960w, https:\/\/centralmedia.rs\/wp-content\/uploads\/2017\/05\/DECA-radionica-1-300x169.jpg 300w, https:\/\/centralmedia.rs\/wp-content\/uploads\/2017\/05\/DECA-radionica-1-768x432.jpg 768w\" sizes=\"(max-width: 960px) 100vw, 960px\" \/><\/a>\n\t\t\t<\/div><\/figure><figure class='gallery-item'>\n\t\t\t<div class='gallery-icon landscape'>\n\t\t\t\t<a href='https:\/\/centralmedia.rs\/index.php\/2017\/05\/19\/u-cuprijskom-muzeju-zvuci-sveta-zanimljivi-najmladjima\/deca-radionica-2\/'><img loading=\"lazy\" decoding=\"async\" width=\"960\" height=\"540\" src=\"https:\/\/centralmedia.rs\/wp-content\/uploads\/2017\/05\/DECA-radionica-2.jpg\" class=\"attachment-full size-full\" alt=\"\" srcset=\"https:\/\/centralmedia.rs\/wp-content\/uploads\/2017\/05\/DECA-radionica-2.jpg 960w, https:\/\/centralmedia.rs\/wp-content\/uploads\/2017\/05\/DECA-radionica-2-300x169.jpg 300w, https:\/\/centralmedia.rs\/wp-content\/uploads\/2017\/05\/DECA-radionica-2-768x432.jpg 768w\" sizes=\"(max-width: 960px) 100vw, 960px\" \/><\/a>\n\t\t\t<\/div><\/figure>\n\t\t<\/div>\n\n<p>-Bilo je odli\u010dno, deci su bili interesantni instrumenti i zvuci koje stavraju. Cilj je bio da oni, pored klasi\u010dnih instrumenata, vide i \u010duju druge instrumente i steknu celinu slike o svetskoj etno muzici. Koncert kao finale, bio je prilika da deca dovedu roditelje, jer sumnjam da bi druga\u010dije do\u0161li, kazao je autor projekta \u00a0\u00a0Du\u0161an Stojadinovi\u0107.<\/p>\n<p>Projekat ,,Zvuci sveta\u201c realizovan je uz podr\u0161ku Ministarstva kulutre.<a href=\"https:\/\/centralmedia.rs\/wp-content\/uploads\/2017\/05\/DECA-radionica-4.jpg\"><img loading=\"lazy\" decoding=\"async\" class=\"alignright size-medium wp-image-8009\" src=\"https:\/\/centralmedia.rs\/wp-content\/uploads\/2017\/05\/DECA-radionica-4-300x169.jpg\" alt=\"\" width=\"300\" height=\"169\" srcset=\"https:\/\/centralmedia.rs\/wp-content\/uploads\/2017\/05\/DECA-radionica-4-300x169.jpg 300w, https:\/\/centralmedia.rs\/wp-content\/uploads\/2017\/05\/DECA-radionica-4-768x432.jpg 768w, https:\/\/centralmedia.rs\/wp-content\/uploads\/2017\/05\/DECA-radionica-4.jpg 960w\" sizes=\"(max-width: 300px) 100vw, 300px\" \/><\/a><\/p>\n<p>-Imali smo priliku da \u010dujemo etno muziku sa svih kontinenata. Projekat je vezan za edukaciju najmla\u0111ih i kako bi kroz nekoliko\u00a0 godina dobili publiku koja prati kulturne doga\u0111aje svih vrsta. Sa starijima je u tom smislu malo te\u017ee, rekao je direktor Ustanove kulture Nenad Jovanovi\u0107.<\/p>\n<p>Festival glume po\u010dinje u ponedeljak, a nastupi\u0107e osnovne \u0161kole i vrti\u0107i sa pod dve predstave.<\/p>\n<p>&nbsp;<\/p>\n","protected":false},"excerpt":{"rendered":"<p>\u0106UPRIJA-Oko 700 \u0107uprijskih osnovaca u\u010destvovalo je u projektu ,,Zvuci sveta\u201c, odnosno popularizacije svetske etno muzike i kulturne ba\u0161tine kroz izlo\u017ebu preko 100 instrumenata sa svih &hellip; <\/p>\n","protected":false},"author":4,"featured_media":8005,"comment_status":"open","ping_status":"open","sticky":false,"template":"","format":"standard","meta":{"footnotes":""},"categories":[1515,1524,2,23,30],"tags":[44,1951,1401,1885],"_links":{"self":[{"href":"https:\/\/centralmedia.rs\/index.php\/wp-json\/wp\/v2\/posts\/8004"}],"collection":[{"href":"https:\/\/centralmedia.rs\/index.php\/wp-json\/wp\/v2\/posts"}],"about":[{"href":"https:\/\/centralmedia.rs\/index.php\/wp-json\/wp\/v2\/types\/post"}],"author":[{"embeddable":true,"href":"https:\/\/centralmedia.rs\/index.php\/wp-json\/wp\/v2\/users\/4"}],"replies":[{"embeddable":true,"href":"https:\/\/centralmedia.rs\/index.php\/wp-json\/wp\/v2\/comments?post=8004"}],"version-history":[{"count":0,"href":"https:\/\/centralmedia.rs\/index.php\/wp-json\/wp\/v2\/posts\/8004\/revisions"}],"wp:featuredmedia":[{"embeddable":true,"href":"https:\/\/centralmedia.rs\/index.php\/wp-json\/wp\/v2\/media\/8005"}],"wp:attachment":[{"href":"https:\/\/centralmedia.rs\/index.php\/wp-json\/wp\/v2\/media?parent=8004"}],"wp:term":[{"taxonomy":"category","embeddable":true,"href":"https:\/\/centralmedia.rs\/index.php\/wp-json\/wp\/v2\/categories?post=8004"},{"taxonomy":"post_tag","embeddable":true,"href":"https:\/\/centralmedia.rs\/index.php\/wp-json\/wp\/v2\/tags?post=8004"}],"curies":[{"name":"wp","href":"https:\/\/api.w.org\/{rel}","templated":true}]}}