{"id":8011,"date":"2017-05-19T13:22:39","date_gmt":"2017-05-19T13:22:39","guid":{"rendered":"http:\/\/centralmedia.rs\/?p=8011"},"modified":"2017-05-19T13:23:56","modified_gmt":"2017-05-19T13:23:56","slug":"bivsi-potpredsednik-skupstine-kosova-o-izborima-na-kosovu-11-juna-miletic-najvise-glasova-listi-koju-podrzi-vlada-srbije","status":"publish","type":"post","link":"https:\/\/centralmedia.rs\/index.php\/2017\/05\/19\/bivsi-potpredsednik-skupstine-kosova-o-izborima-na-kosovu-11-juna-miletic-najvise-glasova-listi-koju-podrzi-vlada-srbije\/","title":{"rendered":"Biv\u0161i potpredsednik Skup\u0161tine Kosova o izborima na Kosovu 11. juna &#8211; Mileti\u0107: Najvi\u0161e glasova listi koju podr\u017ei Vlada Srbije"},"content":{"rendered":"<p>Povodom kosovskih parlamentarnih izbora 11. juna,\u00a0Petar Mileti\u0107, biv\u0161i potpredsednik Skup\u0161tine Kosova, \u00a0je izjavio da \u00a0postoji razjedinjenost stranaka kosovskih Srba jer nisu bili ujedinjeni \u010dak i kada su bili na jednoj listi.<\/p>\n<p>-To je bio sastav raznih i razli\u010ditih, zbog navodnog jedinstva koji je na svakom izazovu deljenja funkcija na povr\u0161inu izbacivao njihove sukobe. Vi\u0161e lista nije naro\u010dita tragedija jer kosovski izborni sistem omogu\u0107ava politi\u010dki pluralizam manjinskih lista bez gubitka, odnosno da Srbi imaju deset poslanika u Skup\u0161tini na koliko god lista iza\u0161li. Zabrinjava nedostatak razli\u010ditosti politi\u010dkih ideja, programa, vizija, ka\u017ee on.<\/p>\n<p>Mileti\u0107 navodi da \u0107e Srbi imati deset poslanika &#8220;ali raspored me\u0111u njima \u0107e najverovatnije biti takav da \u0107e lista koja \u0107e biti podr\u017eana od Kancelarije za KiM Vlade Srbije osvojiti nadmo\u0107nu ve\u0107inu&#8221;, kao i da je &#8220;mogu\u0107e da se i manje grupacije ubace u parlament sa po jednim ili dva poslanika&#8221;.<\/p>\n<p>Povodom &#8220;udru\u017eivanja snaga&#8221; Kadrija Veseljija, Ramu\u0161a Haradinaja i Fatmira Ljimaja, \u010dije stranke zajedno u\u010destvuju na izborima, Mileti\u0107 isti\u010de da je udru\u017eivanje Albanaca uslovljeno odlukom Ustavnog suda Kosova koji je nakon minulih izbora prakti\u010dno odlu\u010dio da prvoplasirana koalicija mora biti u Vladi bez obzira koliko procenata osvojila odnosno ima li natpolovi\u010dnu ve\u0107inu.<\/p>\n<p>&#8211; Ne vidim tu programske, konceptualne ili politi\u010dke sli\u010dnosti. Naprotiv, mislim da su se veliki politi\u010dki protivnici ujedinili kako bi Haradinaj bio premijer a Veselji predsednik Skup\u0161tine, a ne isklju\u010dujem mogu\u0107nost da je motiv i zajedni\u010dka borba nakon po\u010detka rada Specijalnog suda za ratne zlo\u010dine, smatra on.<\/p>\n<p>Ocenjuju\u0107i retoriku Haradinaja tokom aktuelne kampanje i reakcije Beograda na njegove poruke, poput one da \u0107e pripojiti Kosovu tre\u0107inu Srbije ako Beograd ne izbri\u0161e KiM iz Ustava, Mileti\u0107 ukazuje da &#8220;Haradinaj o\u010digledno agresivnom retorikom \u017eeli da pridobije konzervativni deo bira\u010dkog tela, a u to \u0161to izgovara verovatno ni sam ne veruje&#8221;.<\/p>\n<p>&#8211; Iz Beograda s druge strane ne propu\u0161taju da pridobiju neki poen na svoj rejting istim stilom jer je Haradinaj zgodna meta za verbalni okr\u0161aj. Sve u svemu, to je \u0161tetno i ne doprinosi normalizaciji odnosa, u \u0161ta se dve strane kunu da im je interes, napominje on.<\/p>\n<div class=\"bannerBox fullWith center\">\u00a0Odgovaraju\u0107i na pitanje da li bi izbor Haradinaja za premijera Kosova mogao da ugrozi nastavak briselskog dijaloga, Mileti\u0107 navodi da &#8220;dijalog ne zavisi od Beograda i Pri\u0161tine tako da \u0107e se nastaviti ko god pobedio na izborima&#8221;. &#8220;O\u010digledno je da je ovaj format dijaloga prevazi\u0111en i da ne daje zadovoljavaju\u0107e rezultate. Treba o\u010dekivati da se ne\u0161to promeni a to ne\u0107e raditi doma\u0107i akteri ve\u0107 Brisel uz pomo\u0107 Va\u0161ingtona&#8221;, zaklju\u010duje Petar Mileti\u0107.<\/div>\n","protected":false},"excerpt":{"rendered":"<p>Povodom kosovskih parlamentarnih izbora 11. juna,\u00a0Petar Mileti\u0107, biv\u0161i potpredsednik Skup\u0161tine Kosova, \u00a0je izjavio da \u00a0postoji razjedinjenost stranaka kosovskih Srba jer nisu bili ujedinjeni \u010dak i &hellip; <\/p>\n","protected":false},"author":4,"featured_media":6788,"comment_status":"open","ping_status":"open","sticky":false,"template":"","format":"standard","meta":{"footnotes":""},"categories":[2,13,12],"tags":[643,143,1665],"_links":{"self":[{"href":"https:\/\/centralmedia.rs\/index.php\/wp-json\/wp\/v2\/posts\/8011"}],"collection":[{"href":"https:\/\/centralmedia.rs\/index.php\/wp-json\/wp\/v2\/posts"}],"about":[{"href":"https:\/\/centralmedia.rs\/index.php\/wp-json\/wp\/v2\/types\/post"}],"author":[{"embeddable":true,"href":"https:\/\/centralmedia.rs\/index.php\/wp-json\/wp\/v2\/users\/4"}],"replies":[{"embeddable":true,"href":"https:\/\/centralmedia.rs\/index.php\/wp-json\/wp\/v2\/comments?post=8011"}],"version-history":[{"count":0,"href":"https:\/\/centralmedia.rs\/index.php\/wp-json\/wp\/v2\/posts\/8011\/revisions"}],"wp:featuredmedia":[{"embeddable":true,"href":"https:\/\/centralmedia.rs\/index.php\/wp-json\/wp\/v2\/media\/6788"}],"wp:attachment":[{"href":"https:\/\/centralmedia.rs\/index.php\/wp-json\/wp\/v2\/media?parent=8011"}],"wp:term":[{"taxonomy":"category","embeddable":true,"href":"https:\/\/centralmedia.rs\/index.php\/wp-json\/wp\/v2\/categories?post=8011"},{"taxonomy":"post_tag","embeddable":true,"href":"https:\/\/centralmedia.rs\/index.php\/wp-json\/wp\/v2\/tags?post=8011"}],"curies":[{"name":"wp","href":"https:\/\/api.w.org\/{rel}","templated":true}]}}