{"id":8045,"date":"2017-05-21T15:26:14","date_gmt":"2017-05-21T15:26:14","guid":{"rendered":"http:\/\/centralmedia.rs\/?p=8045"},"modified":"2017-05-21T15:26:49","modified_gmt":"2017-05-21T15:26:49","slug":"dug-od-47-miliona-evra-sukobio-menadzment-paracinske-staklare-pljuste-krivicne-prijave","status":"publish","type":"post","link":"https:\/\/centralmedia.rs\/index.php\/2017\/05\/21\/dug-od-47-miliona-evra-sukobio-menadzment-paracinske-staklare-pljuste-krivicne-prijave\/","title":{"rendered":",,DUG\u201d OD 47 MILIONA EVRA SUKOBIO MENAD\u017dMENT PARA\u0106INSKE STAKLARE &#8211; PLJU\u0160TE KRIVI\u010cNE PRIJAVE"},"content":{"rendered":"<p>PARA\u0106IN-Ro\u010di\u0161te u privrednom sudu u Kragujevcu za dono\u0161enje odluke o ste\u010daju u Srpskoj fabrici stakla, po predlogu Veksilum Balkan iz \u010ca\u010dka, odlo\u017eeno je za 30. maj. Me\u0111utim, u javost je isplivala duboka podela u menad\u017eementu tog preduze\u0107a, koja je za sada dobila svoj epilog podno\u0161enjem krivi\u010dnih prijava. Kako saznajemo, ta podela pokazala se i u preduze\u0107u me\u0111u rukovodiocima.<\/p>\n<p>-Potra\u017eivanje ove kriminalne grupe nisu pro\u0161la kroz devizni promet NBS, niti su u knjigama SFS. Ja samo ho\u0107u da SFS neko ne otme 47 miliona evra, jer ne postoji ni jedan osnov za to. Ovo su fiktivni papiri i neko ho\u0107e nezakonitim radnjama da uzme SFS. Oni su potpisali ugovor u kome stoji da Veksilum Balkan, ako naplati 47 miliona evra kroz ste\u010daj SFS, zadr\u017eava \u00a015 odsto\u00a0 za sebe a 85 odsto upla\u0107uje firmi na Sej\u0161elskim Ostrvima. Zna\u010di neko treba da oplja\u010dka fabriku za 47 miliona nepostoje\u0107eg duga. To je organizovana kriminalna grupa koja radi protiv interesa naroda i dr\u017eave, ka\u017ee predsednik Nadzornog odbora Milorad Pu\u0161ica i dodaje da se na sudu videlo ko ho\u0107e da brani interese radnika i dr\u017eave, a ko i ho\u0107e da ih po\u0161alje na ulicu da bi uzeo pare.<\/p>\n<p>On navodi da SFS ne duguje plate radnicima, porez, doprinose,nema hipoteke banaka, dok je \u00a0proizvodnja je unapre\u0111ena za 15,7\u00a0 odsto. Predhodno je ve\u0107inski vlasnik CPR Impeks je okupio sve pozajmice koje je Glas industri dala SFS u visini od 71 milion evra.<\/p>\n<p>-Ne postoji dug SFS prema firmi u \u010ca\u010dku. Ne postoji u papirima\u00a0 bugarske dr\u017eave da firma Veksilum Balkan ima pozajmicu od Glas industri. Pozajmica koju je dao Glas industri je izmirena. Dug Glas industri je pro\u0161ao kroz knjige SFS i Narodnu banku Srbije. To je nedvosmisleno poslato sudu u Kragujevcu. Javnost \u0107e biti \u0161okirana kada sazna istinu, isti\u010de Pu\u0161ica.<\/p>\n<p>SFS duguje za struju i gas oko 11 miliona evra, ali Pu\u0161ica obja\u0161najva da SFS ima povra\u0107aj od Ministarstva finansija 2,5 miliona evra, kao i \u00a011 miliona evra robe na lageru, te da \u0107e za 45 dana \u00a0svi ra\u010duni biti namireni.Srpska farbika stakla iz Para\u0107ina podnela krivi\u010dne prijave protiv organizovane kriminalne grupe u kojoj su biv\u0161a direktorka Verica Matkovi\u0107 i njen sin Filip, te \u010dlan Nadzornog odbora Du\u0161an Adamovi\u0107, ina\u010de visoki \u010dlan SNS. Krvi\u010dnu prijavu inicirali su predsednik NO Milorad Pu\u0161ica i CPR Inpeks ve\u0107inski vlasnik Staklare, koga u NO predstvalja Svetozar Crnogorac.<\/p>\n<p>-Organizator te grupe je Verica Matkovi\u0107, biv\u0161a generalna direktorka SFS, a u njoj su i Dejan Adamovi\u0107, \u010dlan Nadzornog odbora SFS, advokati iz Beograda Filip Matkovi\u0107 i Vosislav Ili\u0107, zastupnik pradlaga\u010da ste\u010daja Slobodan Spasojevi\u0107 i Bugarin Cvetan Vasilev, nekada\u0161nji vlasnik Srpske fabrike stakla. Podneli smo krivi\u010dnu prijavu protiv ovih osoba,\u00a0 kao organizovanoj kriminalnoj grupi, republi\u010dkom Tu\u017eila\u0161tvu za organizovani kriminal&#8221;, rekao je punomo\u0107nik SFS advokat Branislav Toma\u0161ev. Staklara je na \u00a0na ro\u010di\u0161tu u Privrednom sudu u Kragujevcu koji je osporila Veksilum Balkan iz \u010ca\u010dka da je pravni poverilac duga, kao i da SFS nema trajnu nesposobnost pla\u0107anja.<\/p>\n<p>&nbsp;<\/p>\n<p>&nbsp;<\/p>\n<p>&nbsp;<\/p>\n","protected":false},"excerpt":{"rendered":"<p>PARA\u0106IN-Ro\u010di\u0161te u privrednom sudu u Kragujevcu za dono\u0161enje odluke o ste\u010daju u Srpskoj fabrici stakla, po predlogu Veksilum Balkan iz \u010ca\u010dka, odlo\u017eeno je za 30. &hellip; <\/p>\n","protected":false},"author":4,"featured_media":8046,"comment_status":"open","ping_status":"open","sticky":false,"template":"","format":"standard","meta":{"footnotes":""},"categories":[22,1524,2,1516,887],"tags":[156,158,239],"_links":{"self":[{"href":"https:\/\/centralmedia.rs\/index.php\/wp-json\/wp\/v2\/posts\/8045"}],"collection":[{"href":"https:\/\/centralmedia.rs\/index.php\/wp-json\/wp\/v2\/posts"}],"about":[{"href":"https:\/\/centralmedia.rs\/index.php\/wp-json\/wp\/v2\/types\/post"}],"author":[{"embeddable":true,"href":"https:\/\/centralmedia.rs\/index.php\/wp-json\/wp\/v2\/users\/4"}],"replies":[{"embeddable":true,"href":"https:\/\/centralmedia.rs\/index.php\/wp-json\/wp\/v2\/comments?post=8045"}],"version-history":[{"count":0,"href":"https:\/\/centralmedia.rs\/index.php\/wp-json\/wp\/v2\/posts\/8045\/revisions"}],"wp:featuredmedia":[{"embeddable":true,"href":"https:\/\/centralmedia.rs\/index.php\/wp-json\/wp\/v2\/media\/8046"}],"wp:attachment":[{"href":"https:\/\/centralmedia.rs\/index.php\/wp-json\/wp\/v2\/media?parent=8045"}],"wp:term":[{"taxonomy":"category","embeddable":true,"href":"https:\/\/centralmedia.rs\/index.php\/wp-json\/wp\/v2\/categories?post=8045"},{"taxonomy":"post_tag","embeddable":true,"href":"https:\/\/centralmedia.rs\/index.php\/wp-json\/wp\/v2\/tags?post=8045"}],"curies":[{"name":"wp","href":"https:\/\/api.w.org\/{rel}","templated":true}]}}