{"id":8059,"date":"2017-05-24T14:24:45","date_gmt":"2017-05-24T14:24:45","guid":{"rendered":"http:\/\/centralmedia.rs\/?p=8059"},"modified":"2017-05-24T14:24:45","modified_gmt":"2017-05-24T14:24:45","slug":"projekat-koka-kole-krenuo-iz-cuprije-edukativne-radionice-za-1-000-mladih-bez-posla","status":"publish","type":"post","link":"https:\/\/centralmedia.rs\/index.php\/2017\/05\/24\/projekat-koka-kole-krenuo-iz-cuprije-edukativne-radionice-za-1-000-mladih-bez-posla\/","title":{"rendered":"PROJEKAT KOKA-KOLE KRENUO IZ \u0106UPRIJE &#8211; EDUKATIVNE RADIONICE  ZA 1.000 MLADIH  BEZ POSLA"},"content":{"rendered":"<p>\u0106UPRIJA-Ministar Aleksandar Vulin posetio je danas u \u0106upriji prvu radionicu u okviru projekta Koka-Kole podr\u0161ke za 1.000 mladih bez posla i ocenio da je ta kompanija pokazala kako se pona\u0161a socijalno odgovorna firma, kako se pona\u0161a socijalno odgovorni posao. Projekat se realizuje u saradnji sa Ministarstvom za rad i socijalna pitanja, Nacionalnom slu\u017ebom za zapo\u0161ljavanje i NALED, kao i deset op\u0161tina u Srbiji.<\/p>\n<p>-Ovo je obuka za 1.000 mladih ljudi koji mogu da budu zaposleni bilo gde, koji \u0107e ste\u010deno znanje mo\u0107i da upotrebe kod bilo kog poslodavca. Ovo je 1.000 mladih ljudi iz malih sredina kojima je pomo\u0107 potrebna i da ostanu, jer imaju znanje i ve\u0161tine koje \u0107e privu\u0107i investitore. \u010cesto imamo investitora, ali oni ne mogu da do\u0111u u sredinu gde nema dovoljan broj obrazovanih ljudi, koji mogu da ispune potrebe poslodavca, rekao je Vulin i dodao da je trenutna nezaposlenost u Srbiji 13 procenata i da je cilj 11 procenta, odnosno evropski prosek, kao i da investitori o\u010dekuju obrazovanu radnu snagu i politi\u010dki stabilnu zemlju.<a href=\"https:\/\/centralmedia.rs\/wp-content\/uploads\/2017\/05\/ruzevic-vulin-eric-i-martinovic-3-cuprija.jpg\"><img loading=\"lazy\" decoding=\"async\" class=\"aligncenter size-full wp-image-8061\" src=\"https:\/\/centralmedia.rs\/wp-content\/uploads\/2017\/05\/ruzevic-vulin-eric-i-martinovic-3-cuprija.jpg\" alt=\"\" width=\"900\" height=\"675\" srcset=\"https:\/\/centralmedia.rs\/wp-content\/uploads\/2017\/05\/ruzevic-vulin-eric-i-martinovic-3-cuprija.jpg 900w, https:\/\/centralmedia.rs\/wp-content\/uploads\/2017\/05\/ruzevic-vulin-eric-i-martinovic-3-cuprija-300x225.jpg 300w, https:\/\/centralmedia.rs\/wp-content\/uploads\/2017\/05\/ruzevic-vulin-eric-i-martinovic-3-cuprija-768x576.jpg 768w, https:\/\/centralmedia.rs\/wp-content\/uploads\/2017\/05\/ruzevic-vulin-eric-i-martinovic-3-cuprija-80x60.jpg 80w, https:\/\/centralmedia.rs\/wp-content\/uploads\/2017\/05\/ruzevic-vulin-eric-i-martinovic-3-cuprija-265x198.jpg 265w\" sizes=\"(max-width: 900px) 100vw, 900px\" \/><\/a><\/p>\n<p>-Strate\u0161ki cilj \u0106uprije je \u0161to ve\u0107i nivo stranih investicija, ali i da mladi ostanu u ovom gradu. Pro\u0161le godine otvorili smo dve fabrike, Tursku i Kinesku, ove godine\u00a0 su u najavi jo\u0161 dve fabrike. Slovena\u010dka Maksima ponovo otvara pogon, \u00a0vrednost investicije u Cinakru je 3,5 miliona evra, i Jugoimport SDPR, rekao je predsednik te op\u0161tine Ninoslav Eri\u0107 i najavio jo\u0161 jedan projekat edukacije mladih u organizaciji US AID.<\/p>\n<p>-\u017delimo da damo priliku mladima da steknu nove ve\u0161tine, primene nove prakse i sa mnogo vi\u0161e samopuzdanja krenu da tra\u017ee posao koji im odgovara. Osnovna motivacija je da gradimo lidere za budu\u0107nsot i da se borimo za odr\u017eivi razvoj dru\u0161tva, rekao je direktor Koka-kole Aleksandar Ru\u017eevi\u0107.<a href=\"https:\/\/centralmedia.rs\/wp-content\/uploads\/2017\/05\/ruzevic-vulin-eric-i-martinovic-cuprija.jpg\"><img loading=\"lazy\" decoding=\"async\" class=\"aligncenter size-full wp-image-8062\" src=\"https:\/\/centralmedia.rs\/wp-content\/uploads\/2017\/05\/ruzevic-vulin-eric-i-martinovic-cuprija.jpg\" alt=\"\" width=\"900\" height=\"642\" srcset=\"https:\/\/centralmedia.rs\/wp-content\/uploads\/2017\/05\/ruzevic-vulin-eric-i-martinovic-cuprija.jpg 900w, https:\/\/centralmedia.rs\/wp-content\/uploads\/2017\/05\/ruzevic-vulin-eric-i-martinovic-cuprija-300x214.jpg 300w, https:\/\/centralmedia.rs\/wp-content\/uploads\/2017\/05\/ruzevic-vulin-eric-i-martinovic-cuprija-768x548.jpg 768w, https:\/\/centralmedia.rs\/wp-content\/uploads\/2017\/05\/ruzevic-vulin-eric-i-martinovic-cuprija-100x70.jpg 100w\" sizes=\"(max-width: 900px) 100vw, 900px\" \/><\/a><\/p>\n<p>Pored njih, mlade na edukaciji je posetio i direktor NSZ Zoran Martinovi\u0107. Radionice \u0107e se odr\u017eavati tokom maja i juna u Kraljevu, \u0160idu, Smederevskoj Palanci i Aleksincu, a u septembru i oktobru u Kovinu, Prijepolju, Novom Pazaru, Prokuplju i Leskovcu.<\/p>\n<p>&nbsp;<\/p>\n","protected":false},"excerpt":{"rendered":"<p>\u0106UPRIJA-Ministar Aleksandar Vulin posetio je danas u \u0106upriji prvu radionicu u okviru projekta Koka-Kole podr\u0161ke za 1.000 mladih bez posla i ocenio da je ta &hellip; <\/p>\n","protected":false},"author":4,"featured_media":8060,"comment_status":"open","ping_status":"open","sticky":false,"template":"","format":"standard","meta":{"footnotes":""},"categories":[1515,1524,2,887],"tags":[44,193,388,1964,144],"_links":{"self":[{"href":"https:\/\/centralmedia.rs\/index.php\/wp-json\/wp\/v2\/posts\/8059"}],"collection":[{"href":"https:\/\/centralmedia.rs\/index.php\/wp-json\/wp\/v2\/posts"}],"about":[{"href":"https:\/\/centralmedia.rs\/index.php\/wp-json\/wp\/v2\/types\/post"}],"author":[{"embeddable":true,"href":"https:\/\/centralmedia.rs\/index.php\/wp-json\/wp\/v2\/users\/4"}],"replies":[{"embeddable":true,"href":"https:\/\/centralmedia.rs\/index.php\/wp-json\/wp\/v2\/comments?post=8059"}],"version-history":[{"count":0,"href":"https:\/\/centralmedia.rs\/index.php\/wp-json\/wp\/v2\/posts\/8059\/revisions"}],"wp:featuredmedia":[{"embeddable":true,"href":"https:\/\/centralmedia.rs\/index.php\/wp-json\/wp\/v2\/media\/8060"}],"wp:attachment":[{"href":"https:\/\/centralmedia.rs\/index.php\/wp-json\/wp\/v2\/media?parent=8059"}],"wp:term":[{"taxonomy":"category","embeddable":true,"href":"https:\/\/centralmedia.rs\/index.php\/wp-json\/wp\/v2\/categories?post=8059"},{"taxonomy":"post_tag","embeddable":true,"href":"https:\/\/centralmedia.rs\/index.php\/wp-json\/wp\/v2\/tags?post=8059"}],"curies":[{"name":"wp","href":"https:\/\/api.w.org\/{rel}","templated":true}]}}