{"id":8077,"date":"2017-05-26T08:18:53","date_gmt":"2017-05-26T08:18:53","guid":{"rendered":"http:\/\/centralmedia.rs\/?p=8077"},"modified":"2017-05-26T08:18:53","modified_gmt":"2017-05-26T08:18:53","slug":"prvi-put-u-srbiji-direktor-podneo-izvestaj-o-100-dana-rada-evropska-diploma-iz-cuprije","status":"publish","type":"post","link":"https:\/\/centralmedia.rs\/index.php\/2017\/05\/26\/prvi-put-u-srbiji-direktor-podneo-izvestaj-o-100-dana-rada-evropska-diploma-iz-cuprije\/","title":{"rendered":"PRVI PUT U SRBIJI DIREKTOR PODNEO IZVE\u0160TAJ O 100 DANA RADA &#8211; EVROPSKA DIPLOMA IZ \u0106UPRIJE"},"content":{"rendered":"<p>\u0106UPRIJA-Direktor Visoke medicinske \u0161kole strukovnih studija u \u0106upriji dr Hristos Alekosopulos u svom izve\u0161taju o 100 dana na toj funkciji, \u0161to je potpuno neuobi\u010dajena i nova praksa u Srbiji, naveo realizovane aktivnosti, ali i najavio po\u010detak formiranja fakulteta za medicinske sestre, prvu evropsku diplomu u Srbiji i obele\u017eavanje 20 godina te ustanove 2018. godine. Pored toga, \u0161kola je promovisala slogan koji je postao ralnost ,,Student na prvom mestu\u201c.<\/p>\n<p>-Od septembra kre\u0107emo u realizaciju formiranja fakulteta, odnosno da VM\u0160 preraste u fakulet i da imamo akademske studije. Svi na\u0161i planovi su realni i ostvarivi, ka\u017ee direktor VM\u0160 dr Hristos Aleksopululos i ilustruje to detaljem ,,prvo \u0161to sam uradio na funkciji direktora je izrada zastave i grba \u0161kole, da bi ne\u0161to postigli moramo da po\u0161tujemo na\u0161e simoble\u201c\u00a0\u00a0\u00a0\u00a0<a href=\"https:\/\/centralmedia.rs\/wp-content\/uploads\/2017\/05\/amfiteatar.jpg\"><img loading=\"lazy\" decoding=\"async\" class=\"aligncenter size-full wp-image-8079\" src=\"https:\/\/centralmedia.rs\/wp-content\/uploads\/2017\/05\/amfiteatar.jpg\" alt=\"\" width=\"960\" height=\"719\" srcset=\"https:\/\/centralmedia.rs\/wp-content\/uploads\/2017\/05\/amfiteatar.jpg 960w, https:\/\/centralmedia.rs\/wp-content\/uploads\/2017\/05\/amfiteatar-300x225.jpg 300w, https:\/\/centralmedia.rs\/wp-content\/uploads\/2017\/05\/amfiteatar-768x575.jpg 768w, https:\/\/centralmedia.rs\/wp-content\/uploads\/2017\/05\/amfiteatar-80x60.jpg 80w, https:\/\/centralmedia.rs\/wp-content\/uploads\/2017\/05\/amfiteatar-265x198.jpg 265w\" sizes=\"(max-width: 960px) 100vw, 960px\" \/><\/a><\/p>\n<p>Sa Fakultetom za medicinske sestre iz Soluna uspostavljena je saradnja i obnovljeni su kontakti sa fakultetom u norve\u0161kom gradu Tronthajmu. Kroz razmenu delegacija i iskustava o\u010dekuje se da\u00a0 dostizanje obrazovnih standarda neophodnih za prvu evropsku diplomu u Srbiji.<\/p>\n<p>-Na\u0161 je cilj da izdamo prvu diplomu u Srbiji kojoj ne\u0107e trebati nostrifikacija. Re\u010d je o uskla\u0111ivanju nastave i predmeta, nije re\u010d o nekim posebnim procedurama i uslovima koje mi ne mo\u017eemo da dostignemo. Do sada niko nije vodio brigu o tome. Realno je da 2018. godine dobijemo evropsku diplomu u \u0106upriji i Srbiji, isti\u010de dr Aleksopulos.<a href=\"https:\/\/centralmedia.rs\/wp-content\/uploads\/2017\/05\/diplome.jpg\"><img loading=\"lazy\" decoding=\"async\" class=\"aligncenter size-full wp-image-8080\" src=\"https:\/\/centralmedia.rs\/wp-content\/uploads\/2017\/05\/diplome.jpg\" alt=\"\" width=\"960\" height=\"720\" srcset=\"https:\/\/centralmedia.rs\/wp-content\/uploads\/2017\/05\/diplome.jpg 960w, https:\/\/centralmedia.rs\/wp-content\/uploads\/2017\/05\/diplome-300x225.jpg 300w, https:\/\/centralmedia.rs\/wp-content\/uploads\/2017\/05\/diplome-768x576.jpg 768w, https:\/\/centralmedia.rs\/wp-content\/uploads\/2017\/05\/diplome-80x60.jpg 80w, https:\/\/centralmedia.rs\/wp-content\/uploads\/2017\/05\/diplome-265x198.jpg 265w\" sizes=\"(max-width: 960px) 100vw, 960px\" \/><\/a><\/p>\n<p>VM\u0160 je prvi put od osnivanja po\u010dela da nagra\u0111uje najbolje studente putovanjima i knjigama iz oblasti sestrinstva.<\/p>\n<p>-Dali smo im motivaciju i razlog da budu najbolji. To je zdrava trka i nagrada za uspeh. Na\u0161 slogan u narednom periodu je ,,Student na prvom mestu\u201c. Zato smo ulo\u017eili trud i sredstva za modernizaciju \u0161kole i kabineta, namera nam je da budemo najopremljeniji u ovom delu Balkana. Imamo najbolju infrastrukturu u Srbiji i sada radimo na tome da je nadogradimo najboljom opremom. Za narednu \u0161kolsku godinu planirano je ulaganje u kabinete, kao i radiolo\u0161ku i sestrinsku sobu, da stvorimo ambijent za moderan na\u010din u\u010denja zato \u0161to obrazujemo zdravstvene radnike, ka\u017ee dr Aleksopulos.<\/p>\n<blockquote><p>IZBOR NA FUKNCIJU DIREKTORA<\/p>\n<p>U ustanovi radim od 2002. godine, dakle ve\u0107 15 godina, ose\u0107am se kao kod ku\u0107e. Dobio sam poverenje nastavnog osoblja, kolega i studenata da do\u0111em na funkciju direktora. Svi smo jednaki i me\u0111u njima je jedan koji treba da preuzme da bude direktor \u0161kole, ka\u017ee dr Aleksopulos.<a href=\"https:\/\/centralmedia.rs\/wp-content\/uploads\/2017\/05\/kabinet.jpg\"><img loading=\"lazy\" decoding=\"async\" class=\"aligncenter size-full wp-image-8081\" src=\"https:\/\/centralmedia.rs\/wp-content\/uploads\/2017\/05\/kabinet.jpg\" alt=\"\" width=\"960\" height=\"720\" srcset=\"https:\/\/centralmedia.rs\/wp-content\/uploads\/2017\/05\/kabinet.jpg 960w, https:\/\/centralmedia.rs\/wp-content\/uploads\/2017\/05\/kabinet-300x225.jpg 300w, https:\/\/centralmedia.rs\/wp-content\/uploads\/2017\/05\/kabinet-768x576.jpg 768w, https:\/\/centralmedia.rs\/wp-content\/uploads\/2017\/05\/kabinet-80x60.jpg 80w, https:\/\/centralmedia.rs\/wp-content\/uploads\/2017\/05\/kabinet-265x198.jpg 265w\" sizes=\"(max-width: 960px) 100vw, 960px\" \/><\/a><\/p><\/blockquote>\n<p>Ta obrazovna ustanova idu\u0107e godine obele\u017eava 20 godina od osnivanja.<\/p>\n<p>-Veoma je va\u017eno da na najvi\u0161em nivou bude obele\u017eeno dve decenije rada visoko\u0161kolske ustanove koja je obrazovala preko 6.000 studenata. To je velika stvar ne samo za \u0161kolu i grad, ve\u0107 za kompletan sistem obrazovanja i dr\u017eavu. Uspeli smo da probudimo sve sektore \u0161kole, pored znanja nameravamo da u studentima probudimo socijalnu odgovornost, \u010doveka, kako bi bili empati\u010dniji, nagla\u0161ava dr Aleksopulos.<a href=\"https:\/\/centralmedia.rs\/wp-content\/uploads\/2017\/05\/sajam-obrazovanja.jpg\"><img loading=\"lazy\" decoding=\"async\" class=\"aligncenter size-full wp-image-8082\" src=\"https:\/\/centralmedia.rs\/wp-content\/uploads\/2017\/05\/sajam-obrazovanja.jpg\" alt=\"\" width=\"960\" height=\"540\" srcset=\"https:\/\/centralmedia.rs\/wp-content\/uploads\/2017\/05\/sajam-obrazovanja.jpg 960w, https:\/\/centralmedia.rs\/wp-content\/uploads\/2017\/05\/sajam-obrazovanja-300x169.jpg 300w, https:\/\/centralmedia.rs\/wp-content\/uploads\/2017\/05\/sajam-obrazovanja-768x432.jpg 768w\" sizes=\"(max-width: 960px) 100vw, 960px\" \/><\/a><\/p>\n<p>On je prvi direktor jedne javne ustanove u Srbiji koje je podneo izve\u0161taj o 100 dana rada. Za vd direktora izbran je 13. februara, a krajem aprila na konkursu za direktora na mandat od tri godine.<\/p>\n<p>-Za 100 dana uradili smo mnogo. Zahvaljuju\u0107i donatorima opremili smo i otvorili studentsku stomatolo\u0161ku ordinaciju, a u saradnji sa Domom zdravlja studenti \u0107e mo\u0107i besplatno da obavljuju preglede. Donatori su pomogli oko otvaranja \u010ditaonica, gde studenti mogu, ako nemaju uslove na drugom mestu,\u00a0 u prijatnom i toplom prostoru da \u010ditaju bogatu literaturu. Obnovili smo ugovore sa 15 nastavnih baza, odnosno zdravstvenih ustanova i banjskih le\u010dili\u0161ta, gde studenti sti\u010du neophodno iskustvo kroz praksu, podnosi izve\u0161taj dr Aleksopulos.<a href=\"https:\/\/centralmedia.rs\/wp-content\/uploads\/2017\/05\/skola.jpg\"><img loading=\"lazy\" decoding=\"async\" class=\"alignright size-medium wp-image-8083\" src=\"https:\/\/centralmedia.rs\/wp-content\/uploads\/2017\/05\/skola-300x186.jpg\" alt=\"\" width=\"300\" height=\"186\" srcset=\"https:\/\/centralmedia.rs\/wp-content\/uploads\/2017\/05\/skola-300x186.jpg 300w, https:\/\/centralmedia.rs\/wp-content\/uploads\/2017\/05\/skola-356x220.jpg 356w, https:\/\/centralmedia.rs\/wp-content\/uploads\/2017\/05\/skola.jpg 604w\" sizes=\"(max-width: 300px) 100vw, 300px\" \/><\/a><\/p>\n<p>VM\u0160 je obele\u017eila Svetski dan sestrinstva nizom manifestacija, potpisan je ugovor sa Ustanovom kulture iz \u0106uprije i zajedni\u010dki organizovano gostovanje ameri\u010dkog vojnog orkestra.<\/p>\n<p>-Studenti u \u0106upriji mogu da se ose\u0107aju kao kod ku\u0107e, jer je grad bezbedan, a ujedno i grad kulture i sporta. Otvorili smo \u0161kolu za gra\u0111anstvo i studente, prilagodili i amfiteatar za koncerte, a u planu su i predstave. Dogovaramo se sa jednim veoma popularnim glumcem da bude na\u0161 gost i to \u0107e biti iznena\u0111enje na nacionalnom nivou. <a href=\"https:\/\/centralmedia.rs\/wp-content\/uploads\/2017\/05\/praksa-na-vma-1.jpg\"><img loading=\"lazy\" decoding=\"async\" class=\"alignright size-medium wp-image-8084\" src=\"https:\/\/centralmedia.rs\/wp-content\/uploads\/2017\/05\/praksa-na-vma-1-300x225.jpg\" alt=\"\" width=\"300\" height=\"225\" srcset=\"https:\/\/centralmedia.rs\/wp-content\/uploads\/2017\/05\/praksa-na-vma-1-300x225.jpg 300w, https:\/\/centralmedia.rs\/wp-content\/uploads\/2017\/05\/praksa-na-vma-1-768x576.jpg 768w, https:\/\/centralmedia.rs\/wp-content\/uploads\/2017\/05\/praksa-na-vma-1-80x60.jpg 80w, https:\/\/centralmedia.rs\/wp-content\/uploads\/2017\/05\/praksa-na-vma-1-265x198.jpg 265w, https:\/\/centralmedia.rs\/wp-content\/uploads\/2017\/05\/praksa-na-vma-1.jpg 800w\" sizes=\"(max-width: 300px) 100vw, 300px\" \/><\/a>Na\u0161 amfiteatar\u00a0 ispunjava sve zahteve modernih prostora za organizaciju najve\u0107ih skupova, koncerata ili predstava. Aktivira\u0107emo folklornu sekciju, nabraja aktivnosti dr Aleksopulos.<\/p>\n<p>Ova \u0161kola upisuje studente na smerove op\u0161ti za medicinske sestre, fizioterapeut, radiolo\u0161ki tehni\u010dar,\u00a0 farmaceutski tehni\u010dar, babica i kozmeti\u010dar.<\/p>\n","protected":false},"excerpt":{"rendered":"<p>\u0106UPRIJA-Direktor Visoke medicinske \u0161kole strukovnih studija u \u0106upriji dr Hristos Alekosopulos u svom izve\u0161taju o 100 dana na toj funkciji, \u0161to je potpuno neuobi\u010dajena i &hellip; <\/p>\n","protected":false},"author":4,"featured_media":8078,"comment_status":"open","ping_status":"open","sticky":false,"template":"","format":"standard","meta":{"footnotes":""},"categories":[1515,14,1524,2,887,12],"tags":[1971,44,1970,1969],"_links":{"self":[{"href":"https:\/\/centralmedia.rs\/index.php\/wp-json\/wp\/v2\/posts\/8077"}],"collection":[{"href":"https:\/\/centralmedia.rs\/index.php\/wp-json\/wp\/v2\/posts"}],"about":[{"href":"https:\/\/centralmedia.rs\/index.php\/wp-json\/wp\/v2\/types\/post"}],"author":[{"embeddable":true,"href":"https:\/\/centralmedia.rs\/index.php\/wp-json\/wp\/v2\/users\/4"}],"replies":[{"embeddable":true,"href":"https:\/\/centralmedia.rs\/index.php\/wp-json\/wp\/v2\/comments?post=8077"}],"version-history":[{"count":0,"href":"https:\/\/centralmedia.rs\/index.php\/wp-json\/wp\/v2\/posts\/8077\/revisions"}],"wp:featuredmedia":[{"embeddable":true,"href":"https:\/\/centralmedia.rs\/index.php\/wp-json\/wp\/v2\/media\/8078"}],"wp:attachment":[{"href":"https:\/\/centralmedia.rs\/index.php\/wp-json\/wp\/v2\/media?parent=8077"}],"wp:term":[{"taxonomy":"category","embeddable":true,"href":"https:\/\/centralmedia.rs\/index.php\/wp-json\/wp\/v2\/categories?post=8077"},{"taxonomy":"post_tag","embeddable":true,"href":"https:\/\/centralmedia.rs\/index.php\/wp-json\/wp\/v2\/tags?post=8077"}],"curies":[{"name":"wp","href":"https:\/\/api.w.org\/{rel}","templated":true}]}}