{"id":8097,"date":"2017-05-28T13:38:36","date_gmt":"2017-05-28T13:38:36","guid":{"rendered":"http:\/\/centralmedia.rs\/?p=8097"},"modified":"2017-05-28T14:00:24","modified_gmt":"2017-05-28T14:00:24","slug":"cuprija-na-beogradskom-manifestu","status":"publish","type":"post","link":"https:\/\/centralmedia.rs\/index.php\/2017\/05\/28\/cuprija-na-beogradskom-manifestu\/","title":{"rendered":"\u0106UPRIJA NA ,,BEOGRADSKOM MANIFESTU\u201c"},"content":{"rendered":"<p>Op\u0161tina \u0106uprija uspe\u0161no je prezentovala turisti\u010dku ponudu i razvojne potencijale na festivalu &#8220;Beogradski manifest&#8221;, a \u0107uprijski glumci u kostimima Kneza Lazara i Knjeginje Milice bili su doma\u0107ini \u0161tanda.<\/p>\n<div id='gallery-1' class='gallery galleryid-8097 gallery-columns-2 gallery-size-full'><figure class='gallery-item'>\n\t\t\t<div class='gallery-icon landscape'>\n\t\t\t\t<a href='https:\/\/centralmedia.rs\/index.php\/2017\/05\/28\/cuprija-na-beogradskom-manifestu\/knez-lazar-i-knjeginja-milica-2\/'><img loading=\"lazy\" decoding=\"async\" width=\"960\" height=\"720\" src=\"https:\/\/centralmedia.rs\/wp-content\/uploads\/2017\/05\/knez-lazar-i-knjeginja-milica-2.jpg\" class=\"attachment-full size-full\" alt=\"\" srcset=\"https:\/\/centralmedia.rs\/wp-content\/uploads\/2017\/05\/knez-lazar-i-knjeginja-milica-2.jpg 960w, https:\/\/centralmedia.rs\/wp-content\/uploads\/2017\/05\/knez-lazar-i-knjeginja-milica-2-300x225.jpg 300w, https:\/\/centralmedia.rs\/wp-content\/uploads\/2017\/05\/knez-lazar-i-knjeginja-milica-2-768x576.jpg 768w, https:\/\/centralmedia.rs\/wp-content\/uploads\/2017\/05\/knez-lazar-i-knjeginja-milica-2-80x60.jpg 80w, https:\/\/centralmedia.rs\/wp-content\/uploads\/2017\/05\/knez-lazar-i-knjeginja-milica-2-265x198.jpg 265w\" sizes=\"(max-width: 960px) 100vw, 960px\" \/><\/a>\n\t\t\t<\/div><\/figure><figure class='gallery-item'>\n\t\t\t<div class='gallery-icon landscape'>\n\t\t\t\t<a href='https:\/\/centralmedia.rs\/index.php\/2017\/05\/28\/cuprija-na-beogradskom-manifestu\/eric-knez-lazar-i-knjeginja-milica\/'><img loading=\"lazy\" decoding=\"async\" width=\"960\" height=\"720\" src=\"https:\/\/centralmedia.rs\/wp-content\/uploads\/2017\/05\/eric-knez-lazar-i-knjeginja-milica.jpg\" class=\"attachment-full size-full\" alt=\"\" srcset=\"https:\/\/centralmedia.rs\/wp-content\/uploads\/2017\/05\/eric-knez-lazar-i-knjeginja-milica.jpg 960w, https:\/\/centralmedia.rs\/wp-content\/uploads\/2017\/05\/eric-knez-lazar-i-knjeginja-milica-300x225.jpg 300w, https:\/\/centralmedia.rs\/wp-content\/uploads\/2017\/05\/eric-knez-lazar-i-knjeginja-milica-768x576.jpg 768w, https:\/\/centralmedia.rs\/wp-content\/uploads\/2017\/05\/eric-knez-lazar-i-knjeginja-milica-80x60.jpg 80w, https:\/\/centralmedia.rs\/wp-content\/uploads\/2017\/05\/eric-knez-lazar-i-knjeginja-milica-265x198.jpg 265w\" sizes=\"(max-width: 960px) 100vw, 960px\" \/><\/a>\n\t\t\t<\/div><\/figure>\n\t\t<\/div>\n\n<p>\u0106uprijski \u0161tand posetio je ministar trgovine i turizma Rasim Ljaji\u0107 i dobio pozivnicu od predsednika op\u0161tine Ninoslava Eri\u0107a da bude gost na Vidovdanskim sve\u010danostima, koje \u0107e od 26. do 28. juna biti odr\u017eane u Manastiru Ravanica i \u0106upriji. Pored njega,\u0161tand je \u00a0posetio akademik Dragoslav Mihailovi\u0107. Na ,,Beogradskom manifestu\u201d nastupio je guda\u010dki kvartet \u0160kole za muzi\u010dke talente &#8220;Ametist&#8221;.<\/p>\n<div id='gallery-2' class='gallery galleryid-8097 gallery-columns-2 gallery-size-large'><figure class='gallery-item'>\n\t\t\t<div class='gallery-icon portrait'>\n\t\t\t\t<a href='https:\/\/centralmedia.rs\/index.php\/2017\/05\/28\/cuprija-na-beogradskom-manifestu\/knez-lazar-i-knjeginja-milica\/'><img loading=\"lazy\" decoding=\"async\" width=\"526\" height=\"701\" src=\"https:\/\/centralmedia.rs\/wp-content\/uploads\/2017\/05\/knez-lazar-i-knjeginja-milica.jpg\" class=\"attachment-large size-large\" alt=\"\" srcset=\"https:\/\/centralmedia.rs\/wp-content\/uploads\/2017\/05\/knez-lazar-i-knjeginja-milica.jpg 526w, https:\/\/centralmedia.rs\/wp-content\/uploads\/2017\/05\/knez-lazar-i-knjeginja-milica-225x300.jpg 225w\" sizes=\"(max-width: 526px) 100vw, 526px\" \/><\/a>\n\t\t\t<\/div><\/figure><figure class='gallery-item'>\n\t\t\t<div class='gallery-icon portrait'>\n\t\t\t\t<a href='https:\/\/centralmedia.rs\/index.php\/2017\/05\/28\/cuprija-na-beogradskom-manifestu\/mihailovic-i-eric\/'><img loading=\"lazy\" decoding=\"async\" width=\"480\" height=\"864\" src=\"https:\/\/centralmedia.rs\/wp-content\/uploads\/2017\/05\/mihailovic-i-eric.jpg\" class=\"attachment-large size-large\" alt=\"\" srcset=\"https:\/\/centralmedia.rs\/wp-content\/uploads\/2017\/05\/mihailovic-i-eric.jpg 480w, https:\/\/centralmedia.rs\/wp-content\/uploads\/2017\/05\/mihailovic-i-eric-167x300.jpg 167w\" sizes=\"(max-width: 480px) 100vw, 480px\" \/><\/a>\n\t\t\t<\/div><\/figure>\n\t\t<\/div>\n\n","protected":false},"excerpt":{"rendered":"<p>Op\u0161tina \u0106uprija uspe\u0161no je prezentovala turisti\u010dku ponudu i razvojne potencijale na festivalu &#8220;Beogradski manifest&#8221;, a \u0107uprijski glumci u kostimima Kneza Lazara i Knjeginje Milice bili &hellip; <\/p>\n","protected":false},"author":4,"featured_media":8098,"comment_status":"open","ping_status":"open","sticky":false,"template":"","format":"standard","meta":{"footnotes":""},"categories":[1515,1524,2,887],"tags":[1977,44],"_links":{"self":[{"href":"https:\/\/centralmedia.rs\/index.php\/wp-json\/wp\/v2\/posts\/8097"}],"collection":[{"href":"https:\/\/centralmedia.rs\/index.php\/wp-json\/wp\/v2\/posts"}],"about":[{"href":"https:\/\/centralmedia.rs\/index.php\/wp-json\/wp\/v2\/types\/post"}],"author":[{"embeddable":true,"href":"https:\/\/centralmedia.rs\/index.php\/wp-json\/wp\/v2\/users\/4"}],"replies":[{"embeddable":true,"href":"https:\/\/centralmedia.rs\/index.php\/wp-json\/wp\/v2\/comments?post=8097"}],"version-history":[{"count":0,"href":"https:\/\/centralmedia.rs\/index.php\/wp-json\/wp\/v2\/posts\/8097\/revisions"}],"wp:featuredmedia":[{"embeddable":true,"href":"https:\/\/centralmedia.rs\/index.php\/wp-json\/wp\/v2\/media\/8098"}],"wp:attachment":[{"href":"https:\/\/centralmedia.rs\/index.php\/wp-json\/wp\/v2\/media?parent=8097"}],"wp:term":[{"taxonomy":"category","embeddable":true,"href":"https:\/\/centralmedia.rs\/index.php\/wp-json\/wp\/v2\/categories?post=8097"},{"taxonomy":"post_tag","embeddable":true,"href":"https:\/\/centralmedia.rs\/index.php\/wp-json\/wp\/v2\/tags?post=8097"}],"curies":[{"name":"wp","href":"https:\/\/api.w.org\/{rel}","templated":true}]}}