{"id":8148,"date":"2017-06-01T22:31:02","date_gmt":"2017-06-01T22:31:02","guid":{"rendered":"http:\/\/centralmedia.rs\/?p=8148"},"modified":"2017-06-01T22:33:44","modified_gmt":"2017-06-01T22:33:44","slug":"poljoprivredno-veterinarska-skola-u-svilajncu-60-godina-od-osnivanja","status":"publish","type":"post","link":"https:\/\/centralmedia.rs\/index.php\/2017\/06\/01\/poljoprivredno-veterinarska-skola-u-svilajncu-60-godina-od-osnivanja\/","title":{"rendered":"POLJOPRIVREDNO-VETERINARSKA \u0160KOLA U SVILAJNCU-60 GODINA OD OSNIVANJA"},"content":{"rendered":"<p>SVILAJNAC-Poljoprivredno-veterinarska \u0161kola u Svilajncu danas obele\u017eava veliki jubilej &#8211; 60 godina trajanja i uspe\u0161nog rada. Tim povodom direktor Zoran Radosavljevi\u0107 u autorskom tekstu poru\u010dio je da je za sve vreme svog postojanja Poljoprivredno-veterinarska \u0161kola sa domom u\u010denika \u201eSvilajnac\u201c je bila i ostala svetlost koja obasjava sve one koji su bili uvereni da je obrazovanje pod njenim krovom njihov najbolji izbor, jer su znali da \u0107e time sigurno doprineti svom boljem \u017eivotu i razvoju sredine u kojoj \u017eive.<\/p>\n<figure id=\"attachment_8149\" aria-describedby=\"caption-attachment-8149\" style=\"width: 300px\" class=\"wp-caption alignright\"><a href=\"https:\/\/centralmedia.rs\/wp-content\/uploads\/2017\/06\/zoran-radosavljevic.jpg\"><img loading=\"lazy\" decoding=\"async\" class=\"size-medium wp-image-8149\" src=\"https:\/\/centralmedia.rs\/wp-content\/uploads\/2017\/06\/zoran-radosavljevic-300x225.jpg\" alt=\"\" width=\"300\" height=\"225\" srcset=\"https:\/\/centralmedia.rs\/wp-content\/uploads\/2017\/06\/zoran-radosavljevic-300x225.jpg 300w, https:\/\/centralmedia.rs\/wp-content\/uploads\/2017\/06\/zoran-radosavljevic-768x576.jpg 768w, https:\/\/centralmedia.rs\/wp-content\/uploads\/2017\/06\/zoran-radosavljevic-80x60.jpg 80w, https:\/\/centralmedia.rs\/wp-content\/uploads\/2017\/06\/zoran-radosavljevic-265x198.jpg 265w, https:\/\/centralmedia.rs\/wp-content\/uploads\/2017\/06\/zoran-radosavljevic.jpg 900w\" sizes=\"(max-width: 300px) 100vw, 300px\" \/><\/a><figcaption id=\"caption-attachment-8149\" class=\"wp-caption-text\">Zoran Radosavljevi\u0107<\/figcaption><\/figure>\n<p>-Iz u\u010dionica ove \u0161kole iza\u0161lo je 6.500 diplomaca, koji su potom postali dobri i napredni doma\u0107ini, vrsni stru\u010dnjaci, profesori srednjih \u0161kola i univerziteta, magistri i doktori nauka, istaknuti javni i kulturni radnici, a najva\u017enije od svega je da su svi oni u na\u0161oj \u0161koli nau\u010dili kako da postanu dobri ljudi, istakao je on.<\/p>\n<p>-Biti na \u010delu ove vaspitno-obrazovne institucije u bilo kom vremenu predstavlja veliku \u010dast ali je ujedno i veliki izazov i odgovornost.\u00a0Kada sam izabran za direktora bio sam svestan \u010dinjenice da je ova \u0161kola sa velikom tradicijom u proteklom periodu stekla veliki ugled i renome, i da je moja obaveza ne samo da sa\u010duvam tu tradiciju, ve\u0107 i da, zajedno sa svojim timom saradnika, nastavnicima i ostalim zaposlenima, nastavimo napred jo\u0161 krupnijim koracima, rekao je Radosavljevi\u0107.<a href=\"https:\/\/centralmedia.rs\/wp-content\/uploads\/2017\/06\/skola-1.jpg\"><img loading=\"lazy\" decoding=\"async\" class=\"aligncenter size-full wp-image-8150\" src=\"https:\/\/centralmedia.rs\/wp-content\/uploads\/2017\/06\/skola-1.jpg\" alt=\"\" width=\"900\" height=\"577\" srcset=\"https:\/\/centralmedia.rs\/wp-content\/uploads\/2017\/06\/skola-1.jpg 900w, https:\/\/centralmedia.rs\/wp-content\/uploads\/2017\/06\/skola-1-300x192.jpg 300w, https:\/\/centralmedia.rs\/wp-content\/uploads\/2017\/06\/skola-1-768x492.jpg 768w\" sizes=\"(max-width: 900px) 100vw, 900px\" \/><\/a><\/p>\n<blockquote><p>U proteklih \u0161ezdeset godina biv\u0161i\u00a0 direktori, nastavnici, radnici, saradnici i u\u010denici ugradili su deo sebe u temelje na\u0161e \u0161kole i ostavili trag koji \u017eivi u se\u0107anju. I danas nastavljamo tradiciju uspe\u0161nog rada na\u0161ih prethodnika time \u0161to smo s rado\u0161\u0107u i entuzijazmom radimo najbolje \u0161to mo\u017eemo kako bismo svoj rad i znanje utkali u temelje na\u0161e \u0161kole.<\/p><\/blockquote>\n<p>-Kroz ovaj rasadnik znanja je pro\u0161lo \u0161ezdeset generacija koje su se smenjivale. Oni koji su odlazili ostavljali su duboke i va\u017ene tragove, vredne pra\u0107enja, a odnosili sa sobom lepe uspomene. Oni koji su dolazili donosili su novu energiju, mladost i ideje i nastavljali dobru tradiciju \u0161kole. Svako je vreme donelo ne\u0161to novo, svaka je generacija ostavila svoja iskustva u ba\u0161tinu novim generacijama, ocenio je Radosavljevi\u0107. <a href=\"https:\/\/centralmedia.rs\/wp-content\/uploads\/2017\/06\/skola-4.jpg\"><img loading=\"lazy\" decoding=\"async\" class=\"aligncenter size-full wp-image-8152\" src=\"https:\/\/centralmedia.rs\/wp-content\/uploads\/2017\/06\/skola-4.jpg\" alt=\"\" width=\"900\" height=\"675\" srcset=\"https:\/\/centralmedia.rs\/wp-content\/uploads\/2017\/06\/skola-4.jpg 900w, https:\/\/centralmedia.rs\/wp-content\/uploads\/2017\/06\/skola-4-300x225.jpg 300w, https:\/\/centralmedia.rs\/wp-content\/uploads\/2017\/06\/skola-4-768x576.jpg 768w, https:\/\/centralmedia.rs\/wp-content\/uploads\/2017\/06\/skola-4-80x60.jpg 80w, https:\/\/centralmedia.rs\/wp-content\/uploads\/2017\/06\/skola-4-265x198.jpg 265w\" sizes=\"(max-width: 900px) 100vw, 900px\" \/><\/a><\/p>\n<p>-Trenuci provedeni u \u0161koli obele\u017eili su \u017eivote svih onih koji su u\u010dili i radili u njoj. Svi mi nosimo pe\u010dat ove \u0161kole jer je \u0161kola drugi dom svih nas (u\u010denika, nastavnika i zaposlenih) i svi smo ostavili svoj pe\u010dat u bogatoj istoriji \u0161kole. Sa ponosom isti\u010dem da danas u \u0161koli radi 47 nekada\u0161njih u\u010denika \u0161kole, uklju\u010duju\u0107i i mene, \u0161to \u010dini skoro tre\u0107inu zaposlenih u na\u0161oj \u0161koli. U na\u0161oj \u0161koli obrazujemo ve\u0107 tre\u0107u generaciju u\u010denika koji dolaze iz iste porodice, naglasio je on<\/p>\n<blockquote><p>U na\u0161ih 60 godina stale su sve te\u017enje, napor i ljubav mnogih generacija u\u010denika i nastavnika, da izrastemo u modernu i uglednu \u0161kolu. Sa novim snagama, u na\u0161im nastojanjima da neprekidno idemo uzlaznom linijom \u00a0\u0161kola je i posle 2000-te godine imala intezivan razvoj. Put do ve\u0107eg uspeha bio je te\u017eak, pun brojnih isku\u0161enja i izazova. Trebalo je mnogo vremena, truda i napora da na\u0161a \u0161kola zasija punim sjajem.<\/p><\/blockquote>\n<p>-U poslednjih deset godina na\u0161a je \u0161kola do\u017eivela preporod, u prvom redu u izgradnji i rekonstrukciji objekata, opremanju u\u010dionica i kabineta i inteziviranju proizvodnje na \u0161kolskoj ekonomiji. Izgradili smo kapitalne objekte i u\u010dinili smo da na\u0161i \u0111aci dobiju najbolje uslove za u\u010denje i \u017eivot u \u0161koli i domu u\u010denika. Kruna svega toga je novosagra\u0111eni Dom u\u010denika koji svojom funkcionalno\u0161\u0107u i opremljeno\u0161\u0107u ne zaostaje za sli\u010dnim objektima u najrazvijenijim zemljama, ka\u017ee Radosavljevi\u0107.<a href=\"https:\/\/centralmedia.rs\/wp-content\/uploads\/2017\/06\/skola-3.jpg\"><img loading=\"lazy\" decoding=\"async\" class=\"aligncenter size-full wp-image-8153\" src=\"https:\/\/centralmedia.rs\/wp-content\/uploads\/2017\/06\/skola-3.jpg\" alt=\"\" width=\"1360\" height=\"600\" srcset=\"https:\/\/centralmedia.rs\/wp-content\/uploads\/2017\/06\/skola-3.jpg 1360w, https:\/\/centralmedia.rs\/wp-content\/uploads\/2017\/06\/skola-3-300x132.jpg 300w, https:\/\/centralmedia.rs\/wp-content\/uploads\/2017\/06\/skola-3-768x339.jpg 768w, https:\/\/centralmedia.rs\/wp-content\/uploads\/2017\/06\/skola-3-1024x452.jpg 1024w\" sizes=\"(max-width: 1360px) 100vw, 1360px\" \/><\/a><\/p>\n<p>-Spoj tradicije, iskustva i znanja kao temelj budu\u0107nosti je stvorilo renome ove \u0161kole. Zato iz godine u godinu, u skladu sa razvojem \u0161kole i pobolj\u0161anjem uslova rada, raste i interesovanje osnovaca za na\u0161u \u0161kolu, tako da drugu godinu zaredom upisujemo rekordan broj u\u010denika u istoriji \u0161kole \u2013 703. U\u010denici i njihovi roditelji prepoznaju posebnosti na\u0161e \u0161kole kojoj su ukazali poverenje za \u0161kolovanje dece. Vredno smo radili, mnogo smo gradili, nesebi\u010dno na njih prenosili znanje jer smo imali viziju, \u017eelju i volju da u tome uspemo, nagla\u0161ava on.<\/p>\n<blockquote><p>O uspesima na\u0161e \u0161kole daleko se \u010duje, jer su njeni biv\u0161i \u0111aci na\u0161i pravi ambasadori, pa ne \u010dudi podatak da\u00a0 \u010dak 70 odsto na\u0161ih u\u010denika dolazi van teritorije op\u0161tine Svilajnac,\u00a0 iz svih krajeva Srbije. Znaju oni da su uslovi u na\u0161oj \u0161koli na vrhunskom nivou, znaju za skladnu interakciju izme\u0111u \u0111aka i profesora koji krajnje odgovorno kreiraju njihovu intelektualnu mapu, gde je primarno nau\u010diti ih kako da teoriju primene u praksi. Savremeni nastavni proces, mnogobrojne vannastavne aktivnosti i projekti, inovacije znanja,samo su neki od uslova da uspeh bude dosti\u017eniji.<\/p><\/blockquote>\n<p>Ovome doprinosi i kvalitetno opremljen radni ambijent, gde pratimo nove trendove u opremanju kabineta i obuci u\u010denika,a organizacijom nastave, programskim novinama i savrmenim metodama u\u010denici sti\u010du sva potrebna znanja i ve\u0161tine.<\/p>\n<p>Za one koji stanuju u domu u\u010denika obezbe\u0111eni su najbolji uslovi za ishranu, u\u010denje, vaspitni rad, rad u sekcijama i za slobodne aktivnosti.Znanjem ste\u010denim u nastavi i u radu brojnih sekcija u Domu na\u0161i u\u010denici na najbolji na\u010din prezentuju svoju i na\u0161u \u0161kolu na raznim takmi\u010denjima-op\u0161tinskim, republi\u010dkim i me\u0111unarodnim- u znanju, kulturnom stvarala\u0161tvu i sportu te brojni pobedni\u010dki pehari, zlatne medalje i druga priznanja krase \u0161kolske vitrine, rekao je on.<a href=\"https:\/\/centralmedia.rs\/wp-content\/uploads\/2017\/06\/skola-5.jpg\"><img loading=\"lazy\" decoding=\"async\" class=\"aligncenter size-full wp-image-8154\" src=\"https:\/\/centralmedia.rs\/wp-content\/uploads\/2017\/06\/skola-5.jpg\" alt=\"\" width=\"900\" height=\"675\" srcset=\"https:\/\/centralmedia.rs\/wp-content\/uploads\/2017\/06\/skola-5.jpg 900w, https:\/\/centralmedia.rs\/wp-content\/uploads\/2017\/06\/skola-5-300x225.jpg 300w, https:\/\/centralmedia.rs\/wp-content\/uploads\/2017\/06\/skola-5-768x576.jpg 768w, https:\/\/centralmedia.rs\/wp-content\/uploads\/2017\/06\/skola-5-80x60.jpg 80w, https:\/\/centralmedia.rs\/wp-content\/uploads\/2017\/06\/skola-5-265x198.jpg 265w\" sizes=\"(max-width: 900px) 100vw, 900px\" \/><\/a><\/p>\n<p>-Rade\u0107i naporno najbolje \u0161to mo\u017eemo, ne postavljaju\u0107i nagrade za cilj, kre\u0107emo se sigurno ka onome \u0161to dolazi na na\u0161em putu izgradnje znanja, ume\u0107a i razumevanja duha vremena u kome \u017eivimo i podu\u010davamo. Kao znak prepoznavanja na\u0161ih stremljenja i kvaliteta rada do\u0161la su brojna priznanja i nagrade.Dana\u0161nji rezultati pokazuju da nismo najstarija ali smo sigurno\u00a0 jedna od najboljih i najuglednijih \u0161kola u Srbiji, precizirao je Radosavljevi\u0107.<\/p>\n<blockquote><p>U rad i uspehe na\u0161e \u0161kole mogli uveriti brojni gosti, posetioci, saradnici i uva\u017eeni predstavnici Ministarstva prosvete, nauke i tehnolo\u0161kog razvoja, Ministarstva poljoprivrede, brojnih fakulteta i srednjih \u0161kola, kako iz Srbije, tako i iz inostranstva, koji su istakli da je na\u0161a \u0161kola primer dobre prakse.<\/p><\/blockquote>\n<p>-\u0160est decenija uspe\u0161nog rada i uspona su postavile temelj koji se voli i neguje za budu\u0107e generacije i nova pokoljenja a rezultati koje danas imamo su plod dugogodi\u0161njeg rada i nesebi\u010dnog zalaganja, rada i truda zapolenih.\u010cuvamo i negujemo tradiciju srpske poljoprivrede i razvijamo se kao obrazovni centar nove tehnologije u podru\u010dju agrara.<a href=\"https:\/\/centralmedia.rs\/wp-content\/uploads\/2017\/06\/skola-2.jpg\"><img loading=\"lazy\" decoding=\"async\" class=\"aligncenter size-full wp-image-8155\" src=\"https:\/\/centralmedia.rs\/wp-content\/uploads\/2017\/06\/skola-2.jpg\" alt=\"\" width=\"900\" height=\"591\" srcset=\"https:\/\/centralmedia.rs\/wp-content\/uploads\/2017\/06\/skola-2.jpg 900w, https:\/\/centralmedia.rs\/wp-content\/uploads\/2017\/06\/skola-2-300x197.jpg 300w, https:\/\/centralmedia.rs\/wp-content\/uploads\/2017\/06\/skola-2-768x504.jpg 768w\" sizes=\"(max-width: 900px) 100vw, 900px\" \/><\/a><\/p>\n<p>Sve \u0161to je do sada ura\u0111eno nismo uradili sami. Sve do sada ostvarene rezultate i uspehe ne bi bilo mogu\u0107e posti\u0107i bez dobre saradnje, pomo\u0107i i razumevanja. Svi zaposleni u \u0161koli, srazmerno svojim sposobnostima i znanju, dali su svoj doprinos. Veliku pomo\u0107 smo imali u prijateljima \u0161kole, koji su kroz seminare, projekte, donacije, savete, radom i entuzijazmom doprineli da se podigne ugled na\u0161e \u0161kole na dana\u0161nji nivo. Najve\u0107u zahvalnost dugujemo Ministarstvu prosvete, nauke i tehnolo\u0161kog razvoja, Ministarstvu poljoprivrede i Op\u0161tini Svilajnac koji su bili na\u0161a najve\u0107a podr\u0161ka tokom svih ovih godina, zaklju\u010dio je direktor \u0161kole Zoran Radosavljevi\u0107.<\/p>\n<p>&nbsp;<\/p>\n<p>&nbsp;<\/p>\n<p>&nbsp;<\/p>\n<p>&nbsp;<\/p>\n<p>&nbsp;<\/p>\n<p>&nbsp;<\/p>\n<p>&nbsp;<\/p>\n","protected":false},"excerpt":{"rendered":"<p>SVILAJNAC-Poljoprivredno-veterinarska \u0161kola u Svilajncu danas obele\u017eava veliki jubilej &#8211; 60 godina trajanja i uspe\u0161nog rada. Tim povodom direktor Zoran Radosavljevi\u0107 u autorskom tekstu poru\u010dio je &hellip; <\/p>\n","protected":false},"author":4,"featured_media":8151,"comment_status":"open","ping_status":"open","sticky":false,"template":"","format":"standard","meta":{"footnotes":""},"categories":[1524,2,887,1517],"tags":[1989,713,1988,38],"_links":{"self":[{"href":"https:\/\/centralmedia.rs\/index.php\/wp-json\/wp\/v2\/posts\/8148"}],"collection":[{"href":"https:\/\/centralmedia.rs\/index.php\/wp-json\/wp\/v2\/posts"}],"about":[{"href":"https:\/\/centralmedia.rs\/index.php\/wp-json\/wp\/v2\/types\/post"}],"author":[{"embeddable":true,"href":"https:\/\/centralmedia.rs\/index.php\/wp-json\/wp\/v2\/users\/4"}],"replies":[{"embeddable":true,"href":"https:\/\/centralmedia.rs\/index.php\/wp-json\/wp\/v2\/comments?post=8148"}],"version-history":[{"count":0,"href":"https:\/\/centralmedia.rs\/index.php\/wp-json\/wp\/v2\/posts\/8148\/revisions"}],"wp:featuredmedia":[{"embeddable":true,"href":"https:\/\/centralmedia.rs\/index.php\/wp-json\/wp\/v2\/media\/8151"}],"wp:attachment":[{"href":"https:\/\/centralmedia.rs\/index.php\/wp-json\/wp\/v2\/media?parent=8148"}],"wp:term":[{"taxonomy":"category","embeddable":true,"href":"https:\/\/centralmedia.rs\/index.php\/wp-json\/wp\/v2\/categories?post=8148"},{"taxonomy":"post_tag","embeddable":true,"href":"https:\/\/centralmedia.rs\/index.php\/wp-json\/wp\/v2\/tags?post=8148"}],"curies":[{"name":"wp","href":"https:\/\/api.w.org\/{rel}","templated":true}]}}