{"id":8170,"date":"2017-06-02T16:31:54","date_gmt":"2017-06-02T16:31:54","guid":{"rendered":"http:\/\/centralmedia.rs\/?p=8170"},"modified":"2017-06-02T16:31:54","modified_gmt":"2017-06-02T16:31:54","slug":"poljoprivredno-veterinarska-skola-obelezeno-60-godina-skole-u-svilajncu","status":"publish","type":"post","link":"https:\/\/centralmedia.rs\/index.php\/2017\/06\/02\/poljoprivredno-veterinarska-skola-obelezeno-60-godina-skole-u-svilajncu\/","title":{"rendered":"POLJOPRIVREDNO-VETERINARSKA \u0160KOLA &#8211; OBELE\u017dENO 60 GODINA \u0160KOLE U SVILAJNCU"},"content":{"rendered":"<p>SVILAJNAC-Sve\u010danom akademijom u svilajna\u010dkom Centru za kulturu Poljoprivredno-veterinarska \u0161kola sa domom u\u010denika \u201eSvilajnac\u201c obele\u017eila je 60 godina rada. U proteklih \u0161est decenija, iz u\u010dionica Poljoprivredno-veterinarske \u0161kole iza\u0161lo je vi\u0161e od 6500 diplomaca, koji su potom postali ugledni doma\u0107ini i poljoprivrednici, vrsni stru\u010dnjaci, istaknuti javni i kulturni radnici, magistri i doktori nauka, profesori srednjih \u0161kola i univerziteta.<a href=\"https:\/\/centralmedia.rs\/wp-content\/uploads\/2017\/06\/nagradjeni-1.jpg\"><img loading=\"lazy\" decoding=\"async\" class=\"alignright size-thumbnail wp-image-8172\" src=\"https:\/\/centralmedia.rs\/wp-content\/uploads\/2017\/06\/nagradjeni-1-150x150.jpg\" alt=\"\" width=\"150\" height=\"150\" \/><\/a><\/p>\n<p>-Poljoprivredna \u0161kola je lider u obrazovanju u Srbiji i krenuli smo da to budemo u region i Evropi. Na\u0161 zadatak je da podr\u017eavamo profosore i u\u010denike, kao i da radimo na projektu kako da \u0161kola budem evropski lider. Op\u0161tina \u0107e podr\u017eavati \u0161kolu u svakom smislu, kao i da se borimo da se ni jedno odeljenje ne oduzima \u0161koli, rekao je predsednik op\u0161tine Predrag Milanovi\u0107.<a href=\"https:\/\/centralmedia.rs\/wp-content\/uploads\/2017\/06\/akademija.jpg\"><img loading=\"lazy\" decoding=\"async\" class=\"aligncenter size-full wp-image-8173\" src=\"https:\/\/centralmedia.rs\/wp-content\/uploads\/2017\/06\/akademija.jpg\" alt=\"\" width=\"960\" height=\"640\" srcset=\"https:\/\/centralmedia.rs\/wp-content\/uploads\/2017\/06\/akademija.jpg 960w, https:\/\/centralmedia.rs\/wp-content\/uploads\/2017\/06\/akademija-300x200.jpg 300w, https:\/\/centralmedia.rs\/wp-content\/uploads\/2017\/06\/akademija-768x512.jpg 768w\" sizes=\"(max-width: 960px) 100vw, 960px\" \/><\/a><\/p>\n<p>-Treba se okrenuti napred, ova \u0161kola je uvek imala viziju, jer treba gledati u daleku budu\u0107nost. Svi oni koji su danas ovde, svedo\u010de o tome koliko \u0161kola zna\u010di Srbiji, regionu i Evropi. Re\u010d je o ozbiljnoj vaspitno-obrazovnoj ustanovi, koja i\u0161kolovala velii broj u\u010denika, doktora i to \u0107e biti ubudu\u0107e. Kada god imamo dilemu da li neko ide pravim putem do\u0111emo u Svilajnac, \u010dujemo kako se radi, tada znamo da smo na pravom putu, rekao je zamenik ministra prosvete Bogoljub Lazarevi\u0107.<a href=\"https:\/\/centralmedia.rs\/wp-content\/uploads\/2017\/06\/akademija-2.jpg\"><img loading=\"lazy\" decoding=\"async\" class=\"alignright size-thumbnail wp-image-8174\" src=\"https:\/\/centralmedia.rs\/wp-content\/uploads\/2017\/06\/akademija-2-150x150.jpg\" alt=\"\" width=\"150\" height=\"150\" \/><\/a><\/p>\n<p>Najboljim u\u010denicima \u0161kole Sandri Stevanovi\u0107 i Sa\u0161i \u017divkovi\u0107u specijalni gost sve\u010dane akademije glumac Rado\u0161 Baji\u0107 poklonio je po 20 hiljada dinara.<\/p>\n<p>-\u017delim da \u0161kola nastavi svoj put o\u010duvanja najlep\u0161eg nasle\u0111a srpske selja\u010dke zemlje. Srpsku populaciju \u010dini 75 odsto seljaka ili njihovih potomaka. Neka \u0161kola da doprinos o\u010duvanju poljoprivredne dr\u017eave, rekao je Baji\u0107.<\/p>\n<p>Povelje i zahvalnice dodeljene su najzaslu\u017enijim za razvoj i o\u010duvanje \u0161kole.<\/p>\n","protected":false},"excerpt":{"rendered":"<p>SVILAJNAC-Sve\u010danom akademijom u svilajna\u010dkom Centru za kulturu Poljoprivredno-veterinarska \u0161kola sa domom u\u010denika \u201eSvilajnac\u201c obele\u017eila je 60 godina rada. U proteklih \u0161est decenija, iz u\u010dionica Poljoprivredno-veterinarske &hellip; <\/p>\n","protected":false},"author":4,"featured_media":8171,"comment_status":"open","ping_status":"open","sticky":false,"template":"","format":"standard","meta":{"footnotes":""},"categories":[1524,2,887,1517],"tags":[339,1988,38],"_links":{"self":[{"href":"https:\/\/centralmedia.rs\/index.php\/wp-json\/wp\/v2\/posts\/8170"}],"collection":[{"href":"https:\/\/centralmedia.rs\/index.php\/wp-json\/wp\/v2\/posts"}],"about":[{"href":"https:\/\/centralmedia.rs\/index.php\/wp-json\/wp\/v2\/types\/post"}],"author":[{"embeddable":true,"href":"https:\/\/centralmedia.rs\/index.php\/wp-json\/wp\/v2\/users\/4"}],"replies":[{"embeddable":true,"href":"https:\/\/centralmedia.rs\/index.php\/wp-json\/wp\/v2\/comments?post=8170"}],"version-history":[{"count":0,"href":"https:\/\/centralmedia.rs\/index.php\/wp-json\/wp\/v2\/posts\/8170\/revisions"}],"wp:featuredmedia":[{"embeddable":true,"href":"https:\/\/centralmedia.rs\/index.php\/wp-json\/wp\/v2\/media\/8171"}],"wp:attachment":[{"href":"https:\/\/centralmedia.rs\/index.php\/wp-json\/wp\/v2\/media?parent=8170"}],"wp:term":[{"taxonomy":"category","embeddable":true,"href":"https:\/\/centralmedia.rs\/index.php\/wp-json\/wp\/v2\/categories?post=8170"},{"taxonomy":"post_tag","embeddable":true,"href":"https:\/\/centralmedia.rs\/index.php\/wp-json\/wp\/v2\/tags?post=8170"}],"curies":[{"name":"wp","href":"https:\/\/api.w.org\/{rel}","templated":true}]}}