{"id":8181,"date":"2017-06-03T19:38:57","date_gmt":"2017-06-03T19:38:57","guid":{"rendered":"http:\/\/centralmedia.rs\/?p=8181"},"modified":"2017-06-03T19:38:57","modified_gmt":"2017-06-03T19:38:57","slug":"festival-omladinskih-predstava-u-svilajncu-u-ziriju-brankica-sebastijanovic-marija-stokic-zvezde-filma-vrati-se-zone","status":"publish","type":"post","link":"https:\/\/centralmedia.rs\/index.php\/2017\/06\/03\/festival-omladinskih-predstava-u-svilajncu-u-ziriju-brankica-sebastijanovic-marija-stokic-zvezde-filma-vrati-se-zone\/","title":{"rendered":"FESTIVAL OMLADINSKIH PREDSTAVA U SVILAJNCU &#8211; U \u017dIRIJU BRANKICA SEBASTIJANOVI\u0106 I MARIJA STOKI\u0106, ZVEZDE FILMA ,,VRATI SE ZONE&#8221;"},"content":{"rendered":"<p>SVILAJNAC-\u010clanice \u017eirija prvog Festivala omladinskih predstava ,,Svilena maska\u201d u Svilajncu bi\u0107e Brankica Sebastijanovi\u0107 i Marija Stoki\u0107, zvezde filma ,,Vrati se Zone\u201d, najavio je organizator festivala Mladen Miljkovi\u0107.<a href=\"https:\/\/centralmedia.rs\/wp-content\/uploads\/2017\/06\/program.jpg\"><img loading=\"lazy\" decoding=\"async\" class=\"alignright size-thumbnail wp-image-8183\" src=\"https:\/\/centralmedia.rs\/wp-content\/uploads\/2017\/06\/program-150x150.jpg\" alt=\"\" width=\"150\" height=\"150\" \/><\/a> \u00a0Njihov zadatak bi\u0107e da proglase najbolju glumicu i glumca, najbolju re\u017eiju i Gran Pri. Festival je specifi\u010dan po tome da \u0107e se 8. juna od 16 do 20 sati odr\u017eati pet predstava u sali Centra za kulturu , kao i da je ulaz slobodan. Nastupi\u0107e glumci iz Svilajnca, \u0160ida, Jagodine, Kragujevca i Banja Luke. Gost festival je pisac Stefan Lazarevi\u0107 iz Svilajnca. Nagrade u vidu knjiga za najbolju glumicu, glumca, predstavu i re\u017eiju obezbedila je lokalna biblioteka.<\/p>\n","protected":false},"excerpt":{"rendered":"<p>SVILAJNAC-\u010clanice \u017eirija prvog Festivala omladinskih predstava ,,Svilena maska\u201d u Svilajncu bi\u0107e Brankica Sebastijanovi\u0107 i Marija Stoki\u0107, zvezde filma ,,Vrati se Zone\u201d, najavio je organizator festivala &hellip; <\/p>\n","protected":false},"author":4,"featured_media":8182,"comment_status":"open","ping_status":"open","sticky":false,"template":"","format":"standard","meta":{"footnotes":""},"categories":[1524,2,887,1517],"tags":[1999,38,1998],"_links":{"self":[{"href":"https:\/\/centralmedia.rs\/index.php\/wp-json\/wp\/v2\/posts\/8181"}],"collection":[{"href":"https:\/\/centralmedia.rs\/index.php\/wp-json\/wp\/v2\/posts"}],"about":[{"href":"https:\/\/centralmedia.rs\/index.php\/wp-json\/wp\/v2\/types\/post"}],"author":[{"embeddable":true,"href":"https:\/\/centralmedia.rs\/index.php\/wp-json\/wp\/v2\/users\/4"}],"replies":[{"embeddable":true,"href":"https:\/\/centralmedia.rs\/index.php\/wp-json\/wp\/v2\/comments?post=8181"}],"version-history":[{"count":0,"href":"https:\/\/centralmedia.rs\/index.php\/wp-json\/wp\/v2\/posts\/8181\/revisions"}],"wp:featuredmedia":[{"embeddable":true,"href":"https:\/\/centralmedia.rs\/index.php\/wp-json\/wp\/v2\/media\/8182"}],"wp:attachment":[{"href":"https:\/\/centralmedia.rs\/index.php\/wp-json\/wp\/v2\/media?parent=8181"}],"wp:term":[{"taxonomy":"category","embeddable":true,"href":"https:\/\/centralmedia.rs\/index.php\/wp-json\/wp\/v2\/categories?post=8181"},{"taxonomy":"post_tag","embeddable":true,"href":"https:\/\/centralmedia.rs\/index.php\/wp-json\/wp\/v2\/tags?post=8181"}],"curies":[{"name":"wp","href":"https:\/\/api.w.org\/{rel}","templated":true}]}}