{"id":8185,"date":"2017-06-04T12:04:14","date_gmt":"2017-06-04T12:04:14","guid":{"rendered":"http:\/\/centralmedia.rs\/?p=8185"},"modified":"2017-06-04T12:04:14","modified_gmt":"2017-06-04T12:04:14","slug":"sveta-trojica-paracin-obelezio-gradsku-slavu","status":"publish","type":"post","link":"https:\/\/centralmedia.rs\/index.php\/2017\/06\/04\/sveta-trojica-paracin-obelezio-gradsku-slavu\/","title":{"rendered":"SVETA TROJICA &#8211; PARA\u0106IN OBELE\u017dIO GRADSKU SLAVU"},"content":{"rendered":"<p>PARA\u0106IN-Praznik Silaska Svetog Duha na Apostole je gradska slava u Para\u0107inu i slava crkvenog hrama u tom gradu, a proslavi i sve\u010danoj litiji \u00a0prisustvovali su vladika Brani\u010devski Ignjatije sa lokalnim sve\u0161tenstvom i rukovodstvom te op\u0161tine.<\/p>\n<div id='gallery-1' class='gallery galleryid-8185 gallery-columns-4 gallery-size-thumbnail'><figure class='gallery-item'>\n\t\t\t<div class='gallery-icon landscape'>\n\t\t\t\t<a href='https:\/\/centralmedia.rs\/index.php\/2017\/06\/04\/sveta-trojica-paracin-obelezio-gradsku-slavu\/paracin-9\/'><img loading=\"lazy\" decoding=\"async\" width=\"150\" height=\"150\" src=\"https:\/\/centralmedia.rs\/wp-content\/uploads\/2017\/06\/paracin-150x150.jpg\" class=\"attachment-thumbnail size-thumbnail\" alt=\"\" \/><\/a>\n\t\t\t<\/div><\/figure><figure class='gallery-item'>\n\t\t\t<div class='gallery-icon landscape'>\n\t\t\t\t<a href='https:\/\/centralmedia.rs\/index.php\/2017\/06\/04\/sveta-trojica-paracin-obelezio-gradsku-slavu\/paracin-spomenik-oslobodiocima-iz-prvog-svetskog-rata\/'><img loading=\"lazy\" decoding=\"async\" width=\"150\" height=\"150\" src=\"https:\/\/centralmedia.rs\/wp-content\/uploads\/2017\/06\/paracin-spomenik-oslobodiocima-iz-prvog-svetskog-rata-150x150.jpg\" class=\"attachment-thumbnail size-thumbnail\" alt=\"\" \/><\/a>\n\t\t\t<\/div><\/figure><figure class='gallery-item'>\n\t\t\t<div class='gallery-icon landscape'>\n\t\t\t\t<a href='https:\/\/centralmedia.rs\/index.php\/2017\/06\/04\/sveta-trojica-paracin-obelezio-gradsku-slavu\/jagodina-3\/'><img loading=\"lazy\" decoding=\"async\" width=\"150\" height=\"150\" src=\"https:\/\/centralmedia.rs\/wp-content\/uploads\/2017\/06\/jagodina-150x150.jpg\" class=\"attachment-thumbnail size-thumbnail\" alt=\"\" \/><\/a>\n\t\t\t<\/div><\/figure><figure class='gallery-item'>\n\t\t\t<div class='gallery-icon landscape'>\n\t\t\t\t<a href='https:\/\/centralmedia.rs\/index.php\/2017\/06\/04\/sveta-trojica-paracin-obelezio-gradsku-slavu\/jagodina-1\/'><img loading=\"lazy\" decoding=\"async\" width=\"150\" height=\"150\" src=\"https:\/\/centralmedia.rs\/wp-content\/uploads\/2017\/06\/jagodina-1-150x150.jpg\" class=\"attachment-thumbnail size-thumbnail\" alt=\"\" \/><\/a>\n\t\t\t<\/div><\/figure>\n\t\t<\/div>\n\n<p>Litija, koji se pridru\u017eio veliki broj gra\u0111ana, pro\u0161la je glavnom\u00a0 ulicom do spomenika Oslobodiocu iz prvog svetskog rata. U Jagodini je tradicionalna litija, od nove crkve do zapisa na izlazu iz grada, skra\u0107ena do spomenika Knjeginji Milici u parku ispred zgrade lokalne samouprave.<\/p>\n","protected":false},"excerpt":{"rendered":"<p>PARA\u0106IN-Praznik Silaska Svetog Duha na Apostole je gradska slava u Para\u0107inu i slava crkvenog hrama u tom gradu, a proslavi i sve\u010danoj litiji \u00a0prisustvovali su &hellip; <\/p>\n","protected":false},"author":4,"featured_media":8186,"comment_status":"open","ping_status":"open","sticky":false,"template":"","format":"standard","meta":{"footnotes":""},"categories":[1524,2,1516,887],"tags":[58,1220,156,2001,2000],"_links":{"self":[{"href":"https:\/\/centralmedia.rs\/index.php\/wp-json\/wp\/v2\/posts\/8185"}],"collection":[{"href":"https:\/\/centralmedia.rs\/index.php\/wp-json\/wp\/v2\/posts"}],"about":[{"href":"https:\/\/centralmedia.rs\/index.php\/wp-json\/wp\/v2\/types\/post"}],"author":[{"embeddable":true,"href":"https:\/\/centralmedia.rs\/index.php\/wp-json\/wp\/v2\/users\/4"}],"replies":[{"embeddable":true,"href":"https:\/\/centralmedia.rs\/index.php\/wp-json\/wp\/v2\/comments?post=8185"}],"version-history":[{"count":0,"href":"https:\/\/centralmedia.rs\/index.php\/wp-json\/wp\/v2\/posts\/8185\/revisions"}],"wp:featuredmedia":[{"embeddable":true,"href":"https:\/\/centralmedia.rs\/index.php\/wp-json\/wp\/v2\/media\/8186"}],"wp:attachment":[{"href":"https:\/\/centralmedia.rs\/index.php\/wp-json\/wp\/v2\/media?parent=8185"}],"wp:term":[{"taxonomy":"category","embeddable":true,"href":"https:\/\/centralmedia.rs\/index.php\/wp-json\/wp\/v2\/categories?post=8185"},{"taxonomy":"post_tag","embeddable":true,"href":"https:\/\/centralmedia.rs\/index.php\/wp-json\/wp\/v2\/tags?post=8185"}],"curies":[{"name":"wp","href":"https:\/\/api.w.org\/{rel}","templated":true}]}}