{"id":8192,"date":"2017-06-04T12:14:50","date_gmt":"2017-06-04T12:14:50","guid":{"rendered":"http:\/\/centralmedia.rs\/?p=8192"},"modified":"2017-06-04T22:25:17","modified_gmt":"2017-06-04T22:25:17","slug":"prva-paracinska-biciklijada","status":"publish","type":"post","link":"https:\/\/centralmedia.rs\/index.php\/2017\/06\/04\/prva-paracinska-biciklijada\/","title":{"rendered":"PRVA PARA\u0106INSKA BICIKLIJADA"},"content":{"rendered":"<p>PARA\u0106IN-Prva biciklijada u Para\u0107inu okupila je nekoliko stotina ljubitelja bicikla, koji su krenuli od spomenika Branku Krsmanovi\u0107u ulicama tog grada u rutu du\u017eine 7 kilometara do cilja u Parki\u0107u Hali\u0107u. Biciklijadu su realizovali Turisti\u010dka organizacija i Sportski savez te op\u0161tine.<\/p>\n<div id='gallery-1' class='gallery galleryid-8192 gallery-columns-3 gallery-size-full'><figure class='gallery-item'>\n\t\t\t<div class='gallery-icon landscape'>\n\t\t\t\t<a href='https:\/\/centralmedia.rs\/index.php\/2017\/06\/04\/prva-paracinska-biciklijada\/biciklijada-1\/'><img loading=\"lazy\" decoding=\"async\" width=\"960\" height=\"720\" src=\"https:\/\/centralmedia.rs\/wp-content\/uploads\/2017\/06\/biciklijada-1.jpg\" class=\"attachment-full size-full\" alt=\"\" srcset=\"https:\/\/centralmedia.rs\/wp-content\/uploads\/2017\/06\/biciklijada-1.jpg 960w, https:\/\/centralmedia.rs\/wp-content\/uploads\/2017\/06\/biciklijada-1-300x225.jpg 300w, https:\/\/centralmedia.rs\/wp-content\/uploads\/2017\/06\/biciklijada-1-768x576.jpg 768w, https:\/\/centralmedia.rs\/wp-content\/uploads\/2017\/06\/biciklijada-1-80x60.jpg 80w, https:\/\/centralmedia.rs\/wp-content\/uploads\/2017\/06\/biciklijada-1-265x198.jpg 265w\" sizes=\"(max-width: 960px) 100vw, 960px\" \/><\/a>\n\t\t\t<\/div><\/figure><figure class='gallery-item'>\n\t\t\t<div class='gallery-icon landscape'>\n\t\t\t\t<a href='https:\/\/centralmedia.rs\/index.php\/2017\/06\/04\/prva-paracinska-biciklijada\/biciklijada-2\/'><img loading=\"lazy\" decoding=\"async\" width=\"960\" height=\"720\" src=\"https:\/\/centralmedia.rs\/wp-content\/uploads\/2017\/06\/biciklijada-2.jpg\" class=\"attachment-full size-full\" alt=\"\" srcset=\"https:\/\/centralmedia.rs\/wp-content\/uploads\/2017\/06\/biciklijada-2.jpg 960w, https:\/\/centralmedia.rs\/wp-content\/uploads\/2017\/06\/biciklijada-2-300x225.jpg 300w, https:\/\/centralmedia.rs\/wp-content\/uploads\/2017\/06\/biciklijada-2-768x576.jpg 768w, https:\/\/centralmedia.rs\/wp-content\/uploads\/2017\/06\/biciklijada-2-80x60.jpg 80w, https:\/\/centralmedia.rs\/wp-content\/uploads\/2017\/06\/biciklijada-2-265x198.jpg 265w\" sizes=\"(max-width: 960px) 100vw, 960px\" \/><\/a>\n\t\t\t<\/div><\/figure><figure class='gallery-item'>\n\t\t\t<div class='gallery-icon landscape'>\n\t\t\t\t<a href='https:\/\/centralmedia.rs\/index.php\/2017\/06\/04\/prva-paracinska-biciklijada\/biciklijada-3\/'><img loading=\"lazy\" decoding=\"async\" width=\"960\" height=\"720\" src=\"https:\/\/centralmedia.rs\/wp-content\/uploads\/2017\/06\/biciklijada-3.jpg\" class=\"attachment-full size-full\" alt=\"\" srcset=\"https:\/\/centralmedia.rs\/wp-content\/uploads\/2017\/06\/biciklijada-3.jpg 960w, https:\/\/centralmedia.rs\/wp-content\/uploads\/2017\/06\/biciklijada-3-300x225.jpg 300w, https:\/\/centralmedia.rs\/wp-content\/uploads\/2017\/06\/biciklijada-3-768x576.jpg 768w, https:\/\/centralmedia.rs\/wp-content\/uploads\/2017\/06\/biciklijada-3-80x60.jpg 80w, https:\/\/centralmedia.rs\/wp-content\/uploads\/2017\/06\/biciklijada-3-265x198.jpg 265w\" sizes=\"(max-width: 960px) 100vw, 960px\" \/><\/a>\n\t\t\t<\/div><\/figure>\n\t\t<\/div>\n\n<p>Najzanimljivije je bilo takmi\u010denje u spretnosti vo\u017enje bicikla i lutrija, kao i \u00a0nagrade za najbolje i najsre\u0107nije \u00a0u\u010desnike, a to je bio bicikl, ostali u\u010desnici nagra\u0111eni fla\u0161icama za vodu i ostalim prigodnim nagradama. Prva para\u0107inska Biciklijadu posve\u0107ena je me\u0111unarodnom Danu dece \u017ertava nasilja, kao i predstoje\u0107em Danu za\u0161tite \u017eivotne sredine.<\/p>\n","protected":false},"excerpt":{"rendered":"<p>PARA\u0106IN-Prva biciklijada u Para\u0107inu okupila je nekoliko stotina ljubitelja bicikla, koji su krenuli od spomenika Branku Krsmanovi\u0107u ulicama tog grada u rutu du\u017eine 7 kilometara &hellip; <\/p>\n","protected":false},"author":4,"featured_media":8193,"comment_status":"open","ping_status":"open","sticky":false,"template":"","format":"standard","meta":{"footnotes":""},"categories":[1524,2,1516,887],"tags":[2002,156],"_links":{"self":[{"href":"https:\/\/centralmedia.rs\/index.php\/wp-json\/wp\/v2\/posts\/8192"}],"collection":[{"href":"https:\/\/centralmedia.rs\/index.php\/wp-json\/wp\/v2\/posts"}],"about":[{"href":"https:\/\/centralmedia.rs\/index.php\/wp-json\/wp\/v2\/types\/post"}],"author":[{"embeddable":true,"href":"https:\/\/centralmedia.rs\/index.php\/wp-json\/wp\/v2\/users\/4"}],"replies":[{"embeddable":true,"href":"https:\/\/centralmedia.rs\/index.php\/wp-json\/wp\/v2\/comments?post=8192"}],"version-history":[{"count":0,"href":"https:\/\/centralmedia.rs\/index.php\/wp-json\/wp\/v2\/posts\/8192\/revisions"}],"wp:featuredmedia":[{"embeddable":true,"href":"https:\/\/centralmedia.rs\/index.php\/wp-json\/wp\/v2\/media\/8193"}],"wp:attachment":[{"href":"https:\/\/centralmedia.rs\/index.php\/wp-json\/wp\/v2\/media?parent=8192"}],"wp:term":[{"taxonomy":"category","embeddable":true,"href":"https:\/\/centralmedia.rs\/index.php\/wp-json\/wp\/v2\/categories?post=8192"},{"taxonomy":"post_tag","embeddable":true,"href":"https:\/\/centralmedia.rs\/index.php\/wp-json\/wp\/v2\/tags?post=8192"}],"curies":[{"name":"wp","href":"https:\/\/api.w.org\/{rel}","templated":true}]}}