{"id":8203,"date":"2017-06-04T13:09:13","date_gmt":"2017-06-04T13:09:13","guid":{"rendered":"http:\/\/centralmedia.rs\/?p=8203"},"modified":"2017-06-04T13:09:13","modified_gmt":"2017-06-04T13:09:13","slug":"prognani-srbin-sa-kosmeta-ja-sam-milos-stojkovic-proteran-iz-moje-kuce-na-kosovu-sram-vas-bilo","status":"publish","type":"post","link":"https:\/\/centralmedia.rs\/index.php\/2017\/06\/04\/prognani-srbin-sa-kosmeta-ja-sam-milos-stojkovic-proteran-iz-moje-kuce-na-kosovu-sram-vas-bilo\/","title":{"rendered":"PROGNANI SRBIN SA KOSMETA-Ja sam Milo\u0161 Stojkovi\u0107, proteran iz moje ku\u0107e na Kosovu! Sram vas bilo!\u201c"},"content":{"rendered":"<p style=\"text-align: justify; line-height: 14.5pt; background: white; margin: 0cm 0cm 14.5pt 0cm;\"><span style=\"font-size: 8.5pt; font-family: 'Verdana','sans-serif'; color: #222222;\">Tribina u Centru za kulturnu dekontaminaciju na kojoj je trebalo da bude promovisana knjiga \u201e\u017delim da me \u010duju\u201d biv\u0161e kosovske predsednice Atifete Jahjage, a u okviru festivala \u201eMirdita, dobar dan\u201d, prekinuta je na samo po\u010detku.<\/span><\/p>\n<p style=\"text-align: justify; line-height: 14.5pt; background: white; margin: 0cm 0cm 14.5pt 0cm;\"><span style=\"font-size: 8.5pt; font-family: 'Verdana','sans-serif'; color: #222222;\">Prognani Srbin sa Kosmeta Milo\u0161 Stojkovi\u0107, ina\u010de predsednik Koalicije raseljenih, uzvicima \u201eKosovo je Srbija\u201d prekinuo je tribinu. On je t<\/span><span style=\"font-size: 8.5pt; font-family: 'Verdana','sans-serif'; color: #222222;\">ra\u017eio izvinjenje zbog toga \u0161to je proteran sa svoje zemlje, pitao za\u0161to se Srbima ne dozvoljava da takvu tribinu odr\u017ee u Pri\u0161tini, tra\u017eio da im se vrati oteto\u2026<\/span><\/p>\n<p style=\"text-align: justify; line-height: 14.5pt; background: white; margin: 0cm 0cm 14.5pt 0cm;\"><span style=\"font-size: 8.5pt; font-family: 'Verdana','sans-serif'; color: #222222;\">Okupljeni su poku\u0161avali da ga smire, a zatim je putem video linka emitovana poruka Atifete Jahjage, \u0161to je Stojkovi\u0107a ponovo izazvalo da negoduje, a zbog \u010dega ga je obezbe\u0111enje izvelo iz sale.<\/span><\/p>\n<p style=\"text-align: justify; line-height: 14.5pt; background: white; margin: 0cm 0cm 14.5pt 0cm;\"><span style=\"font-size: 8.5pt; font-family: 'Verdana','sans-serif'; color: #222222;\">Prethodno su se ispred Centra za kulturnu dekontaminaciju okupili pripadnici organizacije Alternativa i oni su, na nekih 50 metara od ulaza, okru\u017eeni policijskim kordonom.<\/span><\/p>\n<p style=\"text-align: justify; line-height: 14.5pt; background: white; margin: 0cm 0cm 14.5pt 0cm;\"><span style=\"font-size: 8.5pt; font-family: 'Verdana','sans-serif'; color: #222222;\">Ispred ulaza u Centar za kulturnu dekontaminaciju bio je i Simo Spasi\u0107, predsednik Udru\u017eenja porodica kidnapovanih na Kosovu i Metohiji.<\/span><\/p>\n<p style=\"text-align: justify; line-height: 14.5pt; background: white; margin: 0cm 0cm 14.5pt 0cm;\"><span style=\"font-size: 8.5pt; font-family: 'Verdana','sans-serif'; color: #222222;\">Dvadesetak pripadnika Alternative razvilo je uz skandiranje transparent \u201eZa slede\u0107i Remzijev gol neka bude Haradinaj\u201d, aludiraju\u0107i na igra\u010da Arsenala u vezi s kojim postoji ve\u0107 legenda da kad god postigne gol neko umre.<\/span><\/p>\n<p style=\"text-align: justify; line-height: 14.5pt; background: white; margin: 0cm 0cm 14.5pt 0cm;\"><span style=\"font-size: 8.5pt; font-family: 'Verdana','sans-serif'; color: #222222;\">Na drugoj strani, pripadnici Inicijative mladih za ljudska prava razvili su transparent \u201eSramota je mrzeti\u201d.<\/span><\/p>\n<p style=\"text-align: justify; line-height: 14.5pt; background: white; margin: 0cm 0cm 14.5pt 0cm;\"><span style=\"font-size: 8.5pt; font-family: 'Verdana','sans-serif'; color: #222222;\">Ispred ulaza je bilo i dvadesetak pripadnika organizacije Zavetnici, koji su nosili transparente s likovima srpskih sve\u0161tenika i motivima s KiM, a Milica \u0110or\u0111evi\u0107 novinarima je rekla da se u CZKD predstavlja knjiga o navodnom silovanju \u017eena na Kosovu, te da su Zavetnici spre\u010dili taj sramni doga\u0111aj, koji su, kako je rekla, inicirali ambasada SAD i ministarstvo kulture takozvane republike Kosovo.<\/span><\/p>\n<p style=\"text-align: justify; line-height: 14.5pt; background: white; margin: 0cm 0cm 14.5pt 0cm;\"><span style=\"font-size: 8.5pt; font-family: 'Verdana','sans-serif'; color: #222222;\">Atifete Jahjaga je biv\u0161a kosovska predsednica, mandat joj je istekao pre godinu dana, a njeno u\u010de\u0161\u0107e je na festivalu bilo najavljeno, a zatm otkazano, te \u0107e se ona gostima na promociji knjige obratiti putem video linka, \u0161to su ranije saop\u0161tili iz Inicijative mladih.<\/span><\/p>\n<p style=\"text-align: justify; line-height: 14.5pt; background: white; margin: 0cm 0cm 14.5pt 0cm;\"><span style=\"font-size: 8.5pt; font-family: 'Verdana','sans-serif'; color: #222222;\">Oni nisu \u017eeleli da komentari\u0161u motive za otkazivanje Jahjaginog prisustva, dok je ona izjavila da su srpske vlasti spre\u010dile njen dolazak i u\u010de\u0161\u0107e na festivalu u Beogradu \u201eapsurdnim obrazlo\u017eenjem\u201d.<\/span><\/p>\n<p style=\"text-align: justify; line-height: 14.5pt; background: white; margin: 0cm 0cm 14.5pt 0cm;\"><span style=\"font-size: 8.5pt; font-family: 'Verdana','sans-serif'; color: #222222;\">Istovremeno, Edita Tahiri obavestila Evropsku uniju da biv\u0161a predsednica Kosova nije mogla da putuje u Beograd, oceniv\u0161i da su takvim potezom srpske vlasti pogazile sporazum iz Brisela o slobodi kretanja i me\u0111usobnim posetama zvani\u010dnika.<\/span><\/p>\n<p style=\"text-align: justify; line-height: 14.5pt; background: white; margin: 0cm 0cm 14.5pt 0cm;\">(TANJUG)<\/p>\n","protected":false},"excerpt":{"rendered":"<p>Tribina u Centru za kulturnu dekontaminaciju na kojoj je trebalo da bude promovisana knjiga \u201e\u017delim da me \u010duju\u201d biv\u0161e kosovske predsednice Atifete Jahjage, a u &hellip; <\/p>\n","protected":false},"author":4,"featured_media":8204,"comment_status":"open","ping_status":"open","sticky":false,"template":"","format":"standard","meta":{"footnotes":""},"categories":[2,13,12],"tags":[359,2006,181,2005],"_links":{"self":[{"href":"https:\/\/centralmedia.rs\/index.php\/wp-json\/wp\/v2\/posts\/8203"}],"collection":[{"href":"https:\/\/centralmedia.rs\/index.php\/wp-json\/wp\/v2\/posts"}],"about":[{"href":"https:\/\/centralmedia.rs\/index.php\/wp-json\/wp\/v2\/types\/post"}],"author":[{"embeddable":true,"href":"https:\/\/centralmedia.rs\/index.php\/wp-json\/wp\/v2\/users\/4"}],"replies":[{"embeddable":true,"href":"https:\/\/centralmedia.rs\/index.php\/wp-json\/wp\/v2\/comments?post=8203"}],"version-history":[{"count":0,"href":"https:\/\/centralmedia.rs\/index.php\/wp-json\/wp\/v2\/posts\/8203\/revisions"}],"wp:featuredmedia":[{"embeddable":true,"href":"https:\/\/centralmedia.rs\/index.php\/wp-json\/wp\/v2\/media\/8204"}],"wp:attachment":[{"href":"https:\/\/centralmedia.rs\/index.php\/wp-json\/wp\/v2\/media?parent=8203"}],"wp:term":[{"taxonomy":"category","embeddable":true,"href":"https:\/\/centralmedia.rs\/index.php\/wp-json\/wp\/v2\/categories?post=8203"},{"taxonomy":"post_tag","embeddable":true,"href":"https:\/\/centralmedia.rs\/index.php\/wp-json\/wp\/v2\/tags?post=8203"}],"curies":[{"name":"wp","href":"https:\/\/api.w.org\/{rel}","templated":true}]}}