{"id":8256,"date":"2017-06-08T16:27:36","date_gmt":"2017-06-08T16:27:36","guid":{"rendered":"http:\/\/centralmedia.rs\/?p=8256"},"modified":"2017-06-08T16:27:36","modified_gmt":"2017-06-08T16:27:36","slug":"matic-rasvetljeno-ubistvo-novinara-milana-pantica-vuckovic-preuranjena-izjava","status":"publish","type":"post","link":"https:\/\/centralmedia.rs\/index.php\/2017\/06\/08\/matic-rasvetljeno-ubistvo-novinara-milana-pantica-vuckovic-preuranjena-izjava\/","title":{"rendered":"MATI\u0106: Rasvetljeno ubistvo novinara Milana Panti\u0107a &#8211; VU\u010cKOVI\u0106: PREURANJENA IZJAVA"},"content":{"rendered":"<p>JAGODINA-Vi\u0161i tu\u017eilac u Jagodini Radoslav Vu\u010dkovi\u0107 izjavio je da su dana\u0161nje \u00a0\u00a0izjave u medijima o slu\u010daju ubistva novinara Milana Panti\u0107a preuranjenje. \u00a0Predsednik Komisije za istragu unstva novinara Veran Mati\u0107 danas je za internet medije potvrdio da je rasvetljeno ubistvo novinara Milana Panti\u0107a i da je izve\u0161taj sa imenima osumnji\u010denih nalogodavaca i izvr\u0161ilaca iz Beograda i Jagodine predat Vi\u0161em\u00a0 tu\u017eila\u0161tvu u Jagodini.<\/p>\n<p>-Tu\u017eila\u0161tvo je primilio izve\u0161taj o slu\u010daju ubistva novinara Milana Panti\u0107a od Komisije za istragu ubistva novinara \u00a0i preduzelo dalje radnje u tom postupku, rekao je tu\u017eilac Vu\u010dkovi\u0107.<\/p>\n<p>\u0160esnaest godina od ubistva dopisnika Ve\u010dernjih novosti iz Jagodine Milana Panti\u0107a, policijska istraga je najzad okon\u010dana, a imena osumnji\u010denih nalogodavaca i izvr\u0161ilaca koji su \u201esa teritorije Beograda i Jagodine\u201c dostavljena su tu\u017eiocu, navodi za Cenzolovku predsednik Komisije za istra\u017eivanje ubistava novinara Veran Mati\u0107.<\/p>\n<figure id=\"attachment_3365\" aria-describedby=\"caption-attachment-3365\" style=\"width: 300px\" class=\"wp-caption alignleft\"><a href=\"https:\/\/centralmedia.rs\/wp-content\/uploads\/2016\/06\/veran-matic-jagodina-g.j..jpg\"><img loading=\"lazy\" decoding=\"async\" class=\"size-medium wp-image-3365\" src=\"https:\/\/centralmedia.rs\/wp-content\/uploads\/2016\/06\/veran-matic-jagodina-g.j.-300x225.jpg\" alt=\"\" width=\"300\" height=\"225\" srcset=\"https:\/\/centralmedia.rs\/wp-content\/uploads\/2016\/06\/veran-matic-jagodina-g.j.-300x225.jpg 300w, https:\/\/centralmedia.rs\/wp-content\/uploads\/2016\/06\/veran-matic-jagodina-g.j.-768x576.jpg 768w, https:\/\/centralmedia.rs\/wp-content\/uploads\/2016\/06\/veran-matic-jagodina-g.j.-80x60.jpg 80w, https:\/\/centralmedia.rs\/wp-content\/uploads\/2016\/06\/veran-matic-jagodina-g.j.-265x198.jpg 265w, https:\/\/centralmedia.rs\/wp-content\/uploads\/2016\/06\/veran-matic-jagodina-g.j..jpg 900w\" sizes=\"(max-width: 300px) 100vw, 300px\" \/><\/a><figcaption id=\"caption-attachment-3365\" class=\"wp-caption-text\">Veran Mati\u0107<\/figcaption><\/figure>\n<p>Mati\u0107 navodi da je istraga pokazala da su prikupljeni dokazi za naru\u010dioce, da su rasvetljeni njihovi motivi, te da je Panti\u0107 ubijen upravo zbog svog novinarskog rada i istra\u017eiva\u010dkih tekstova o korupciji i kriminalu u Jagodini i tom delu Srbije.<\/p>\n<p>Detaljan izve\u0161taj, ka\u017ee Mati\u0107 za\u00a0<strong style=\"font-style: inherit;\"><a style=\"font-style: inherit; font-weight: inherit;\" href=\"https:\/\/www.cenzolovka.rs\/pritisci-i-napadi\/rasvetljeno-ubistvo-novinara-milana-pantica-osumnjiceni-iz-beograda-i-jagodine\/\">Cenzolovku<\/a><\/strong>, policija je pre desetak dana dostavila nadle\u017enom tu\u017eiocu u Jagodini, od koga se sada o\u010dekuje da \u201eu najskorije vreme donese odgovaraju\u0107e odluke i preduzme radnje u skladu sa zakonskim ovla\u0161\u0107enjima\u201c.<\/p>\n<p>Drugim re\u010dima, da eventualno pokrene tu\u017eila\u010dku istragu.<\/p>\n<p>\u201ePanti\u0107eva likvidacija ima direktno veze sa njegovim novinarskim radom 1999, 2000, sve do 11. juna 2001. godine. Ubistvo je povezano sa njegovim profesionalnim anga\u017emanom, izborom tema, istra\u017eiva\u010dkim novinarstvom kojim se bavio u svom rodnom gradu. Na po\u010detku rada Komisije po prvi put su prikupljeni i sistematizovani svi tekstovi Milana Panti\u0107a i analizirani kako bi se definisali mogu\u0107i motivi i tragovi. Analiza njegovog rada pomogla je da se jasnije defini\u0161u motivi. On je svakako ostavio veoma ubedljiv profesionalni trag i kada je re\u010d o borbi protiv korupcije\u201c, navodi Mati\u0107.<\/p>\n<p>On ka\u017ee da je za \u010dlanove Komisije ovo posebno zna\u010dajan slu\u010daj jer je re\u010d o \u201esurovoj likvidaciji svedo\u010denja o korupciji u vremenu kada je na vlasti bila demokratski izabrana prodemokratska vlada\u201c.<\/p>\n<p>Kako je tekla policijska istraga u timu koji je predvodio nekada\u0161nji na\u010delnik Uprave kriminalisti\u010dke policije Dragan Kecman, mo\u017eete pro\u010ditati sutra u intervjuu Verana Mati\u0107a za Cenzolovku.<\/p>\n<p>Novinar Milan Panti\u0107 je ubijen 11. juna 2001. godine ispred svoje zgrade u Jagodini, udarcem tupim predmetom u glavu.<\/p>\n<p>&nbsp;<\/p>\n","protected":false},"excerpt":{"rendered":"<p>JAGODINA-Vi\u0161i tu\u017eilac u Jagodini Radoslav Vu\u010dkovi\u0107 izjavio je da su dana\u0161nje \u00a0\u00a0izjave u medijima o slu\u010daju ubistva novinara Milana Panti\u0107a preuranjenje. \u00a0Predsednik Komisije za istragu &hellip; <\/p>\n","protected":false},"author":4,"featured_media":3362,"comment_status":"open","ping_status":"open","sticky":false,"template":"","format":"standard","meta":{"footnotes":""},"categories":[1524,20,2,1514],"tags":[58,462,2020,463],"_links":{"self":[{"href":"https:\/\/centralmedia.rs\/index.php\/wp-json\/wp\/v2\/posts\/8256"}],"collection":[{"href":"https:\/\/centralmedia.rs\/index.php\/wp-json\/wp\/v2\/posts"}],"about":[{"href":"https:\/\/centralmedia.rs\/index.php\/wp-json\/wp\/v2\/types\/post"}],"author":[{"embeddable":true,"href":"https:\/\/centralmedia.rs\/index.php\/wp-json\/wp\/v2\/users\/4"}],"replies":[{"embeddable":true,"href":"https:\/\/centralmedia.rs\/index.php\/wp-json\/wp\/v2\/comments?post=8256"}],"version-history":[{"count":0,"href":"https:\/\/centralmedia.rs\/index.php\/wp-json\/wp\/v2\/posts\/8256\/revisions"}],"wp:featuredmedia":[{"embeddable":true,"href":"https:\/\/centralmedia.rs\/index.php\/wp-json\/wp\/v2\/media\/3362"}],"wp:attachment":[{"href":"https:\/\/centralmedia.rs\/index.php\/wp-json\/wp\/v2\/media?parent=8256"}],"wp:term":[{"taxonomy":"category","embeddable":true,"href":"https:\/\/centralmedia.rs\/index.php\/wp-json\/wp\/v2\/categories?post=8256"},{"taxonomy":"post_tag","embeddable":true,"href":"https:\/\/centralmedia.rs\/index.php\/wp-json\/wp\/v2\/tags?post=8256"}],"curies":[{"name":"wp","href":"https:\/\/api.w.org\/{rel}","templated":true}]}}