{"id":8271,"date":"2017-06-09T14:14:27","date_gmt":"2017-06-09T14:14:27","guid":{"rendered":"http:\/\/centralmedia.rs\/?p=8271"},"modified":"2017-06-09T14:14:27","modified_gmt":"2017-06-09T14:14:27","slug":"novi-stampani-medij-u-pomoravlju-pomoravski-glasnik","status":"publish","type":"post","link":"https:\/\/centralmedia.rs\/index.php\/2017\/06\/09\/novi-stampani-medij-u-pomoravlju-pomoravski-glasnik\/","title":{"rendered":"NOVI \u0160TAMPANI MEDIJ U POMORAVLJU-POMORAVSKI GLASNIK"},"content":{"rendered":"<p>REDAKCIJA \u010cASOPISA \u201cPOMORAVSKI GLASNIK\u201d<\/p>\n<p>Iz \u0161tampe je iza\u0161ao prvi broj \u201cPomoravskog glasnika\u201d, \u010dasopisa kreiranog specijalno za gra\u0111ane \u0106uprije i sve one koji se tako ose\u0107aju.\u00a0 U pitanju je rad grupe entuzijasta, \u201eljudi od pera\u201c i uop\u0161te medijskih poslenika, koji na ovaj na\u010din \u017eele da jednom mese\u010dno informi\u0161u javnost o najva\u017enijim de\u0161avanjima u op\u0161tini \u0106uprija, bilo da je re\u010d o politici, privredi, obrazovanju, nauci i kulturi, sportu, zanimljivostima i svemu onome zbog \u010dega sebe sa ponosom defini\u0161emo kao stanovnike grada na Velikoj Moravi.<\/p>\n<p>Taj va\u017ean zadatak koji je pred nama nameravamo da obavljamo savesno, odgovorno, kreativno i pre svega s ljubavlju \u2013 ljubavlju prema na\u0161oj \u0106upriji, u kojoj \u017eivi i radi puno ljudi \u010dija predanost i posve\u0107enost zavre\u0111uje da se izdvoji iz mase i istakne.\u00a0 \u201ePomoravski glasnik\u201c vidimo upravo kao sredstvo da se svima njima odu\u017eimo onako kako najbolje znamo, lepom re\u010dju, istovremeno se obra\u0107aju\u0107i svima vama za koje se nadamo da \u0107ete nas rado \u010ditati.<\/p>\n<p>Trudili smo se da u na\u0161 \u010dasopis uvrstimo rubrike iz razli\u010ditih oblasti, tako da se u njemu na\u0111e za svakog pone\u0161to, a da o svemu budete detaljno obave\u0161teni. Sebi smo postavili ambiciozan cilj \u2013 da u \u0106upriji ponovo za\u017eivi pisani medij koji \u0107e biti samo na\u0161. Na tom putu od klju\u010dnog zna\u010daja \u0107e nam biti va\u0161a podr\u0161ka.<\/p>\n<p>&nbsp;<\/p>\n","protected":false},"excerpt":{"rendered":"<p>REDAKCIJA \u010cASOPISA \u201cPOMORAVSKI GLASNIK\u201d Iz \u0161tampe je iza\u0161ao prvi broj \u201cPomoravskog glasnika\u201d, \u010dasopisa kreiranog specijalno za gra\u0111ane \u0106uprije i sve one koji se tako ose\u0107aju.\u00a0 &hellip; <\/p>\n","protected":false},"author":4,"featured_media":8272,"comment_status":"open","ping_status":"open","sticky":false,"template":"","format":"standard","meta":{"footnotes":""},"categories":[1515,1524,2,887],"tags":[44,2023],"_links":{"self":[{"href":"https:\/\/centralmedia.rs\/index.php\/wp-json\/wp\/v2\/posts\/8271"}],"collection":[{"href":"https:\/\/centralmedia.rs\/index.php\/wp-json\/wp\/v2\/posts"}],"about":[{"href":"https:\/\/centralmedia.rs\/index.php\/wp-json\/wp\/v2\/types\/post"}],"author":[{"embeddable":true,"href":"https:\/\/centralmedia.rs\/index.php\/wp-json\/wp\/v2\/users\/4"}],"replies":[{"embeddable":true,"href":"https:\/\/centralmedia.rs\/index.php\/wp-json\/wp\/v2\/comments?post=8271"}],"version-history":[{"count":0,"href":"https:\/\/centralmedia.rs\/index.php\/wp-json\/wp\/v2\/posts\/8271\/revisions"}],"wp:featuredmedia":[{"embeddable":true,"href":"https:\/\/centralmedia.rs\/index.php\/wp-json\/wp\/v2\/media\/8272"}],"wp:attachment":[{"href":"https:\/\/centralmedia.rs\/index.php\/wp-json\/wp\/v2\/media?parent=8271"}],"wp:term":[{"taxonomy":"category","embeddable":true,"href":"https:\/\/centralmedia.rs\/index.php\/wp-json\/wp\/v2\/categories?post=8271"},{"taxonomy":"post_tag","embeddable":true,"href":"https:\/\/centralmedia.rs\/index.php\/wp-json\/wp\/v2\/tags?post=8271"}],"curies":[{"name":"wp","href":"https:\/\/api.w.org\/{rel}","templated":true}]}}