{"id":8279,"date":"2017-06-09T14:26:27","date_gmt":"2017-06-09T14:26:27","guid":{"rendered":"http:\/\/centralmedia.rs\/?p=8279"},"modified":"2017-06-09T14:26:27","modified_gmt":"2017-06-09T14:26:27","slug":"16-godina-od-ubistva-novinara-milana-pantica-tuzilac-vuckovic-pretkrivicni-postupak","status":"publish","type":"post","link":"https:\/\/centralmedia.rs\/index.php\/2017\/06\/09\/16-godina-od-ubistva-novinara-milana-pantica-tuzilac-vuckovic-pretkrivicni-postupak\/","title":{"rendered":"16 GODINA OD UBISTVA NOVINARA MILANA PANTI\u0106A -TU\u017dILAC VU\u010cKOVI\u0106: PRETKRIVI\u010cNI POSTUPAK"},"content":{"rendered":"<p>JAGODINA-Vi\u0161i tu\u017eilac u Jagodini Radoslav Vu\u010dkovi\u0107 izjavio je danas da je dobio izve\u0161taj Direkcije krimnalisti\u010dke policije o radu na slu\u010daju ubistva novinara Milana Panti\u0107a i da je stavio zahtev za prikupljanje dodatnih obave\u0161tenje, te potvrdio da je re\u010d o predkrivi\u010dnom postupku.<\/p>\n<p>-To \u0161to se pojavilo u medijima, ne mogu da komentari\u0161em, vidim samo da ima masa toga. Slu\u010daj je u fazi istra\u017enih radnji po zahtevu koji sam uputio Direkciji kriminalisti\u010dke polcije. To ne zna\u010di da je pokrenuta tu\u017eila\u010dka istraga, ve\u0107 da je re\u010d o pretkrivi\u010dlnom postupku. Tu\u017eila\u010dka istraga podrazumeva naredbe o sprovo\u0111enju istrage protiv odre\u0111enih lica. Ovo nije to, ovo je faza istra\u017enih radnji, odnosno pretkrivi\u010dni postupak, rekao je Vu\u010dkovi\u0107.<\/p>\n<p>On je ju\u010de, komentari\u0161u\u0107i medijske tekstove, rekao \u00a0da su\u00a0 izjave u medijima o slu\u010daju ubistva novinara Milana Panti\u0107a preuranjenje, te samo potvrdio da je Vi\u0161e tu\u017eila\u0161tvo primilio izve\u0161taj o slu\u010daju ubistva Panti\u0107a i preduzelo dalje radnje u tom postupku.<\/p>\n<p>Prakti\u010dno tu\u017eiocu treba ostaviti vreme da se upozna sa izve\u0161tajem i da odlu\u010di da li \u0107e pokrenuti tu\u017eila\u010dku istragu ili vratiti izve\u0161taj. U ovom slu\u010daju tu\u017eilac je na nalo\u017eio policiji prikupljanje dodatnih obave\u0161tenja.<\/p>\n<blockquote><p>\u0160esnaesta godi\u0161njica od ubistava Milana Panti\u0107a bi\u0107e obele\u017eena u nedelju 11. juna, u 11 sati pomenom na groblju i u 12 sati ispred spomenika u parku ispred zgrade u kojoj je stanovao ubijeni novinar. U 13 sati u Narodnoj biblioteci bi\u0107e dodeljena nagrada za novinarsku hrabrost ,,Milan Panti\u0107\u201d.<\/p><\/blockquote>\n<p>-\u0160esnaest godina od ubistva dopisnika Ve\u010dernjih novosti iz Jagodine Milana Panti\u0107a, policijska istraga je najzad okon\u010dana, a imena osumnji\u010denih nalogodavaca i izvr\u0161ilaca koji su \u201esa teritorije Beograda i Jagodine\u201c dostavljena su tu\u017eiocu, izjavio je za medije predsednik Komisije za istra\u017eivanje ubistava novinara Veran Mati\u0107.<\/p>\n<p>On je objasnio da je istraga pokazala da su prikupljeni dokazi za naru\u010dioce, da su rasvetljeni njihovi motivi, te da je Panti\u0107 ubijen upravo zbog svog novinarskog rada i istra\u017eiva\u010dkih tekstova o korupciji i kriminalu u Jagodini i tom delu Srbije.<\/p>\n<figure id=\"attachment_8281\" aria-describedby=\"caption-attachment-8281\" style=\"width: 217px\" class=\"wp-caption alignright\"><a href=\"https:\/\/centralmedia.rs\/wp-content\/uploads\/2017\/06\/Dragana-Sotirovski-1-nn.jpg\"><img loading=\"lazy\" decoding=\"async\" class=\"size-medium wp-image-8281\" src=\"https:\/\/centralmedia.rs\/wp-content\/uploads\/2017\/06\/Dragana-Sotirovski-1-nn-217x300.jpg\" alt=\"\" width=\"217\" height=\"300\" srcset=\"https:\/\/centralmedia.rs\/wp-content\/uploads\/2017\/06\/Dragana-Sotirovski-1-nn-217x300.jpg 217w, https:\/\/centralmedia.rs\/wp-content\/uploads\/2017\/06\/Dragana-Sotirovski-1-nn.jpg 300w\" sizes=\"(max-width: 217px) 100vw, 217px\" \/><\/a><figcaption id=\"caption-attachment-8281\" class=\"wp-caption-text\">Dragana Sotirovski<\/figcaption><\/figure>\n<p>&nbsp;<\/p>\n<blockquote><p>NAGRADA ZA HRABROST DRAGANI SOTIROVSKI<\/p>\n<p>Dobitnica nagrade za novinarsku hrabrost &#8220;Milan Panti\u0107&#8221; je dopisnica Radio-televizije Srbije iz Ni\u0161a Dragana Sotirovski. Odluku je u petak doneo \u017eiri koga su \u010dinili predstavnici Ve\u010dernjih novosti, UNS-a, NUNS-a, jagodinskih novinara i kao predstavnik javnosti Nemanja Panti\u0107, sin Milana Panti\u0107a.<\/p><\/blockquote>\n","protected":false},"excerpt":{"rendered":"<p>JAGODINA-Vi\u0161i tu\u017eilac u Jagodini Radoslav Vu\u010dkovi\u0107 izjavio je danas da je dobio izve\u0161taj Direkcije krimnalisti\u010dke policije o radu na slu\u010daju ubistva novinara Milana Panti\u0107a i &hellip; <\/p>\n","protected":false},"author":4,"featured_media":8280,"comment_status":"open","ping_status":"open","sticky":false,"template":"","format":"standard","meta":{"footnotes":""},"categories":[1524,20,2,1514],"tags":[464,58,2025],"_links":{"self":[{"href":"https:\/\/centralmedia.rs\/index.php\/wp-json\/wp\/v2\/posts\/8279"}],"collection":[{"href":"https:\/\/centralmedia.rs\/index.php\/wp-json\/wp\/v2\/posts"}],"about":[{"href":"https:\/\/centralmedia.rs\/index.php\/wp-json\/wp\/v2\/types\/post"}],"author":[{"embeddable":true,"href":"https:\/\/centralmedia.rs\/index.php\/wp-json\/wp\/v2\/users\/4"}],"replies":[{"embeddable":true,"href":"https:\/\/centralmedia.rs\/index.php\/wp-json\/wp\/v2\/comments?post=8279"}],"version-history":[{"count":0,"href":"https:\/\/centralmedia.rs\/index.php\/wp-json\/wp\/v2\/posts\/8279\/revisions"}],"wp:featuredmedia":[{"embeddable":true,"href":"https:\/\/centralmedia.rs\/index.php\/wp-json\/wp\/v2\/media\/8280"}],"wp:attachment":[{"href":"https:\/\/centralmedia.rs\/index.php\/wp-json\/wp\/v2\/media?parent=8279"}],"wp:term":[{"taxonomy":"category","embeddable":true,"href":"https:\/\/centralmedia.rs\/index.php\/wp-json\/wp\/v2\/categories?post=8279"},{"taxonomy":"post_tag","embeddable":true,"href":"https:\/\/centralmedia.rs\/index.php\/wp-json\/wp\/v2\/tags?post=8279"}],"curies":[{"name":"wp","href":"https:\/\/api.w.org\/{rel}","templated":true}]}}