{"id":8283,"date":"2017-06-10T09:52:48","date_gmt":"2017-06-10T09:52:48","guid":{"rendered":"http:\/\/centralmedia.rs\/?p=8283"},"modified":"2017-06-10T09:52:48","modified_gmt":"2017-06-10T09:52:48","slug":"zelim-da-se-oslobodim-najbolja-predstava-omladinskog-festivala-u-svilajncu","status":"publish","type":"post","link":"https:\/\/centralmedia.rs\/index.php\/2017\/06\/10\/zelim-da-se-oslobodim-najbolja-predstava-omladinskog-festivala-u-svilajncu\/","title":{"rendered":",,\u017dELIM DA SE OSLOBODIM&#8221; NAJBOLJA PREDSTAVA OMLADINSKOG FESTIVALA U SVILAJNCU"},"content":{"rendered":"<p>SVILAJNAC-Najbolja predstava Omladinskog pozori\u0161nog festivala ,,Svilena maska\u201d u\u00a0 Svilajncu je ,,\u017delim da se oslobodim \u201c Kulturnog centra iz \u0160ida, odlu\u010dio je \u017eiri koji su \u010dinile mlade dramske umetnice Brankica Sebastijanovi\u0107 i Marija Stoki\u0107. Nagrada za najbolju \u017eensku ulogu pripala je Vanji Stevanovi\u0107 iz \u0160ida, dok \u00a0su nagrade za najbolju mu\u0161ku ulogu i re\u017eiju dodeljene Ognjenu Bogdanovi\u0107u.\u00a0<a href=\"https:\/\/centralmedia.rs\/wp-content\/uploads\/2017\/06\/dobitnici-nagrada.jpg\"><img loading=\"lazy\" decoding=\"async\" class=\"alignleft size-medium wp-image-8285\" src=\"https:\/\/centralmedia.rs\/wp-content\/uploads\/2017\/06\/dobitnici-nagrada-300x169.jpg\" alt=\"\" width=\"300\" height=\"169\" srcset=\"https:\/\/centralmedia.rs\/wp-content\/uploads\/2017\/06\/dobitnici-nagrada-300x169.jpg 300w, https:\/\/centralmedia.rs\/wp-content\/uploads\/2017\/06\/dobitnici-nagrada-768x432.jpg 768w, https:\/\/centralmedia.rs\/wp-content\/uploads\/2017\/06\/dobitnici-nagrada.jpg 960w\" sizes=\"(max-width: 300px) 100vw, 300px\" \/><\/a><\/p>\n<p>-Uspeli smo da uradimo ne\u0161to nemogu\u0107e, ne\u0161to \u0161to nisam ni sanjao, ali ostvarilo se od upisa fakulteta, otvaranje pozori\u0161ta pa i osnivanje prvog festivala &#8220;SVILENA MASKA&#8221; u Svilajncu u ovakvom mra\u010dnom vremenu za kulturu i umetnike. Uspeli smo da po prvi put prika\u017eemo pozori\u0161ni maraton u jednom malom prelepom gradi\u0107u na koji sam jako ponosan, a pogotovo na ljude koji su bili uz mene. Ovo je samo po\u010detak, ovaj dan je odlu\u010dio da festival mora da \u017eivi jer Vi to \u017eelite, a ja \u0107u se potrudite da slede\u0107e godine nadama\u0161im prvi fest, mada to je je jako te\u0161ko, rekao je Mladen Miljkovi\u0107 na zatvaranju prvog festivala u Svilajncu.<\/p>\n<p>Festivalski maraton od 16 do 21 u jednom danu prikazano je pet predstava iz Svilajnca, \u0160ida, Jagodine, Kragujevca i Banja Luke.<\/p>\n","protected":false},"excerpt":{"rendered":"<p>SVILAJNAC-Najbolja predstava Omladinskog pozori\u0161nog festivala ,,Svilena maska\u201d u\u00a0 Svilajncu je ,,\u017delim da se oslobodim \u201c Kulturnog centra iz \u0160ida, odlu\u010dio je \u017eiri koji su \u010dinile &hellip; <\/p>\n","protected":false},"author":4,"featured_media":8284,"comment_status":"open","ping_status":"open","sticky":false,"template":"","format":"standard","meta":{"footnotes":""},"categories":[1524,2,1514,887],"tags":[2027,2026,38],"_links":{"self":[{"href":"https:\/\/centralmedia.rs\/index.php\/wp-json\/wp\/v2\/posts\/8283"}],"collection":[{"href":"https:\/\/centralmedia.rs\/index.php\/wp-json\/wp\/v2\/posts"}],"about":[{"href":"https:\/\/centralmedia.rs\/index.php\/wp-json\/wp\/v2\/types\/post"}],"author":[{"embeddable":true,"href":"https:\/\/centralmedia.rs\/index.php\/wp-json\/wp\/v2\/users\/4"}],"replies":[{"embeddable":true,"href":"https:\/\/centralmedia.rs\/index.php\/wp-json\/wp\/v2\/comments?post=8283"}],"version-history":[{"count":0,"href":"https:\/\/centralmedia.rs\/index.php\/wp-json\/wp\/v2\/posts\/8283\/revisions"}],"wp:featuredmedia":[{"embeddable":true,"href":"https:\/\/centralmedia.rs\/index.php\/wp-json\/wp\/v2\/media\/8284"}],"wp:attachment":[{"href":"https:\/\/centralmedia.rs\/index.php\/wp-json\/wp\/v2\/media?parent=8283"}],"wp:term":[{"taxonomy":"category","embeddable":true,"href":"https:\/\/centralmedia.rs\/index.php\/wp-json\/wp\/v2\/categories?post=8283"},{"taxonomy":"post_tag","embeddable":true,"href":"https:\/\/centralmedia.rs\/index.php\/wp-json\/wp\/v2\/tags?post=8283"}],"curies":[{"name":"wp","href":"https:\/\/api.w.org\/{rel}","templated":true}]}}