{"id":8287,"date":"2017-06-11T11:41:43","date_gmt":"2017-06-11T11:41:43","guid":{"rendered":"http:\/\/centralmedia.rs\/?p=8287"},"modified":"2017-06-11T11:43:10","modified_gmt":"2017-06-11T11:43:10","slug":"obelezena-16-godisnjica-od-ubistva-milana-pantica-istraga-zataskavana-uz-podrsku-bitnih-drzavnih-funkcionera","status":"publish","type":"post","link":"https:\/\/centralmedia.rs\/index.php\/2017\/06\/11\/obelezena-16-godisnjica-od-ubistva-milana-pantica-istraga-zataskavana-uz-podrsku-bitnih-drzavnih-funkcionera\/","title":{"rendered":"OBELE\u017dENA 16. GODI\u0160NJICA OD UBISTVA MILANA PANTI\u0106A &#8211; ISTRAGA ZATA\u0160KAVANA UZ PODR\u0160KU BITNIH DR\u017dAVNIH FUNKCIONERA"},"content":{"rendered":"<p>JAGODINA-Nemanja Panti\u0107 ,sin ubijenog novinara Milana Panti\u0107a iz Jagodine, danas je rekao da je istraga zata\u0161kavana prvih 11 godina uz podr\u0161ku bitnih dr\u017eavnih funkicionera. U Jagodini je danas obele\u017eena 16. godi\u0161njica od ubistva novinara Milana Panti\u0107a.<\/p>\n<figure id=\"attachment_8289\" aria-describedby=\"caption-attachment-8289\" style=\"width: 300px\" class=\"wp-caption alignright\"><a href=\"https:\/\/centralmedia.rs\/wp-content\/uploads\/2017\/06\/nemanja-pantic-1.jpg\"><img loading=\"lazy\" decoding=\"async\" class=\"size-medium wp-image-8289\" src=\"https:\/\/centralmedia.rs\/wp-content\/uploads\/2017\/06\/nemanja-pantic-1-300x225.jpg\" alt=\"\" width=\"300\" height=\"225\" srcset=\"https:\/\/centralmedia.rs\/wp-content\/uploads\/2017\/06\/nemanja-pantic-1-300x225.jpg 300w, https:\/\/centralmedia.rs\/wp-content\/uploads\/2017\/06\/nemanja-pantic-1-768x576.jpg 768w, https:\/\/centralmedia.rs\/wp-content\/uploads\/2017\/06\/nemanja-pantic-1-80x60.jpg 80w, https:\/\/centralmedia.rs\/wp-content\/uploads\/2017\/06\/nemanja-pantic-1-265x198.jpg 265w, https:\/\/centralmedia.rs\/wp-content\/uploads\/2017\/06\/nemanja-pantic-1.jpg 900w\" sizes=\"(max-width: 300px) 100vw, 300px\" \/><\/a><figcaption id=\"caption-attachment-8289\" class=\"wp-caption-text\">Nemanja Panti\u0107<\/figcaption><\/figure>\n<p>-Verujem da je postojala ozbiljna opstrukcija. Verujem da je neko namerno usmeravao istragu u pogre\u0161nom smeru i verujem da to nije moglo da se radi bez amina i podr\u0161ke ljudi koji su bili na bitnim funkcijama u dr\u017eavi u to vreme. Porodici je va\u017eno da se otkriju izvr\u0161ioci i nalogodavci, ali je jednako va\u017eno da dobiju odgovor ko je i\u00a0 zbog \u010dega u prvih 11 godina, do formiranja komsije, zata\u0161kavao istragu, rekao je Nemanja Panti\u0107.<\/p>\n<p>On je dodao da je dobro je \u010duti da je slu\u010daj pomeren sa mrtve ta\u010dke i \u0161to postoje indicije da \u0107e slu\u010daj biti razre\u0161en, ali da nije dobro \u0161to je tek po formiranju Komisije za istragu ubistava novinara 2012. godine zapo\u010det ozbiljan rad na slu\u010dajevima na tim slu\u010dajevima.<\/p>\n<p>-Niko pre toga nije do\u0161ao da pita da li postoji tatin telefon, da li bi mo\u017eda mogli da skinu neku va\u017enu informaciju sa tog telefona koja je bi mogla da dovede do razre\u0161enja slu\u010daja. To najbolje govori koliko su ozbiljno shvatali slu\u010daj\u00a0 pre formiranja komisije,naveo je Nemanja Panti\u0107.<\/p>\n<p>Predsednik Komisije za istragu ubistva novinara Veran Mati\u0107 istakao je da o\u010dekuje ,,jako puno otpora i opsturkcije, kao \u0161to je bilo u slu\u010daju \u0106uruvije\u201c.<\/p>\n<figure id=\"attachment_8290\" aria-describedby=\"caption-attachment-8290\" style=\"width: 300px\" class=\"wp-caption alignright\"><a href=\"https:\/\/centralmedia.rs\/wp-content\/uploads\/2017\/06\/veran-matic-1.jpg\"><img loading=\"lazy\" decoding=\"async\" class=\"size-medium wp-image-8290\" src=\"https:\/\/centralmedia.rs\/wp-content\/uploads\/2017\/06\/veran-matic-1-300x200.jpg\" alt=\"\" width=\"300\" height=\"200\" srcset=\"https:\/\/centralmedia.rs\/wp-content\/uploads\/2017\/06\/veran-matic-1-300x200.jpg 300w, https:\/\/centralmedia.rs\/wp-content\/uploads\/2017\/06\/veran-matic-1-768x512.jpg 768w, https:\/\/centralmedia.rs\/wp-content\/uploads\/2017\/06\/veran-matic-1.jpg 900w\" sizes=\"(max-width: 300px) 100vw, 300px\" \/><\/a><figcaption id=\"caption-attachment-8290\" class=\"wp-caption-text\">Veran Mati\u0107<\/figcaption><\/figure>\n<p>-Mo\u017eda u ovom slu\u010daju i vi\u0161e, jer su akteri na takvim pozicijama i takvim situacijama sa kojih mogu da uti\u010du jako na dru\u0161tvenu zbilju, ali sam ube\u0111en da \u0107e ovaj model, koji smo napravili sa radom komisije, dovesti do podizanja optu\u017enice i u ovom slu\u010daju. Svi nesporazumi koji se pojavljuju proteklih dana, mo\u017eda su plod iznena\u0111enja, ali mi smo \u017eelili da objavimo informaciju dokle je stigla policijska istraga i \u0161ta se dalje o\u010dekuje u ovom postupku. Nije re\u010d o pritsku na tu\u017eila\u0161tvo, niti druge institucije. Potrebna je i dalje objedinjenost snaga, svih nas oko zajedni\u010dkog cilja da bi do njega i do\u0161li. \u00a0Mislim da smo ovih dana pred podizanjem optu\u017enice za ubistvo Milana Panti\u0107a, rekao je Mati\u0107 i podsetio da je policijski deo istrage je zavr\u0161en i da \u00a0je upu\u0107en izve\u0161taj nadle\u017enom tu\u017eila\u0161tvu, koje sada u\u010dvr\u0161\u0107uje dokaze i defini\u0161e dokazni postupak kako bi se podigla kredibilna optu\u017enica po kojoj \u0107e biti i izre\u010dena pravosna\u017ena presuda.<\/p>\n<figure id=\"attachment_8291\" aria-describedby=\"caption-attachment-8291\" style=\"width: 300px\" class=\"wp-caption alignright\"><a href=\"https:\/\/centralmedia.rs\/wp-content\/uploads\/2017\/06\/dragana-sotirovski-2.jpg\"><img loading=\"lazy\" decoding=\"async\" class=\"size-medium wp-image-8291\" src=\"https:\/\/centralmedia.rs\/wp-content\/uploads\/2017\/06\/dragana-sotirovski-2-300x200.jpg\" alt=\"\" width=\"300\" height=\"200\" srcset=\"https:\/\/centralmedia.rs\/wp-content\/uploads\/2017\/06\/dragana-sotirovski-2-300x200.jpg 300w, https:\/\/centralmedia.rs\/wp-content\/uploads\/2017\/06\/dragana-sotirovski-2-768x513.jpg 768w, https:\/\/centralmedia.rs\/wp-content\/uploads\/2017\/06\/dragana-sotirovski-2.jpg 900w\" sizes=\"(max-width: 300px) 100vw, 300px\" \/><\/a><figcaption id=\"caption-attachment-8291\" class=\"wp-caption-text\">Dragana Sotirovski<\/figcaption><\/figure>\n<blockquote><p>-Kao novinaru, koji ove godine obele\u017eava 25 godina rada, \u017eao mi je \u0161to dr\u017eava ne zna ili ne \u017eeli da oslu\u0161ne sve nas koji se bavimo istra\u017eiva\u010dkim novinarstvom, da stvari do kojih mi do\u0111emo proveri, na pravi i brz na\u010din reaguje i ,,o\u010disti\u201c dru\u0161tvo od kukulja. Ova nagrada obavezuje, ne samo da nastavim da se bavim\u00a0 ovim poslom na na\u010din na koji se bavim, ve\u0107 je i dobar znak da ono \u0161to sam do sada radila bilo pravo izve\u0161tavanje, kazala je dobitnica\u00a0Nagrade za novinarsku hrabrost ,,Milan Panti\u0107&#8221; novinarki RTS Dragani Sotirovski iz Ni\u0161a.<\/p><\/blockquote>\n<p>-Na\u017ealost trebalo je da pro\u0111e 16 godina da zahvaljuju\u0107i Komisiji za rasvetljavanje ubistva novinara bude policijski rasvetljeno ubistvo Milana Panti\u0107a. <a href=\"https:\/\/centralmedia.rs\/wp-content\/uploads\/2017\/06\/spomenik.jpg\"><img loading=\"lazy\" decoding=\"async\" class=\"alignright size-medium wp-image-8292\" src=\"https:\/\/centralmedia.rs\/wp-content\/uploads\/2017\/06\/spomenik-225x300.jpg\" alt=\"\" width=\"225\" height=\"300\" srcset=\"https:\/\/centralmedia.rs\/wp-content\/uploads\/2017\/06\/spomenik-225x300.jpg 225w, https:\/\/centralmedia.rs\/wp-content\/uploads\/2017\/06\/spomenik.jpg 675w\" sizes=\"(max-width: 225px) 100vw, 225px\" \/><\/a>Ovaj dan je va\u017ena \u010dinjenica za vladavinu prava u Srbiji, do\u010dekali smo da posle 16 godina neuspe\u0161ne istrage i tapkanja u mestu, moramo da priznamo novinarima da se upornost isplatila, ali isto tako da je dr\u017eava re\u0161ila osnivanjem Komisije istragu ubistava novinara da sa sebe skine hipoteku nere\u0161enih i neka\u017enjenih ubistava i napada na novinare. Verujem da \u0107emo naredne godine u ovo vreme imati optu\u017enicu \u00a0za nalogodavce i ubice Milana Panti\u0107a, naglasio je \u00a0dr\u017eavni sekretar u Ministarstvu kulture i medija Nino Brajovi\u0107.<\/p>\n<p>Na spomen bistu Milanu Panti\u0107u u parku ispred zgrade u kojoj je stanovao cve\u0107e i vence polo\u017eili su predstavnici novinarski udru\u017eenja. Milan Panti\u0107 je ubijen 11.\u00a0 juna 2001 godine u ulazu svoje zgrade, u ruci je nosio kesu sa hlebom. Napadnut je sa le\u0111a.<\/p>\n<p>&nbsp;<\/p>\n<p>&nbsp;<\/p>\n","protected":false},"excerpt":{"rendered":"<p>JAGODINA-Nemanja Panti\u0107 ,sin ubijenog novinara Milana Panti\u0107a iz Jagodine, danas je rekao da je istraga zata\u0161kavana prvih 11 godina uz podr\u0161ku bitnih dr\u017eavnih funkicionera. U &hellip; <\/p>\n","protected":false},"author":4,"featured_media":8288,"comment_status":"open","ping_status":"open","sticky":false,"template":"","format":"standard","meta":{"footnotes":""},"categories":[14,1524,2,1514,12],"tags":[58,2030,2029,2028,463],"_links":{"self":[{"href":"https:\/\/centralmedia.rs\/index.php\/wp-json\/wp\/v2\/posts\/8287"}],"collection":[{"href":"https:\/\/centralmedia.rs\/index.php\/wp-json\/wp\/v2\/posts"}],"about":[{"href":"https:\/\/centralmedia.rs\/index.php\/wp-json\/wp\/v2\/types\/post"}],"author":[{"embeddable":true,"href":"https:\/\/centralmedia.rs\/index.php\/wp-json\/wp\/v2\/users\/4"}],"replies":[{"embeddable":true,"href":"https:\/\/centralmedia.rs\/index.php\/wp-json\/wp\/v2\/comments?post=8287"}],"version-history":[{"count":0,"href":"https:\/\/centralmedia.rs\/index.php\/wp-json\/wp\/v2\/posts\/8287\/revisions"}],"wp:featuredmedia":[{"embeddable":true,"href":"https:\/\/centralmedia.rs\/index.php\/wp-json\/wp\/v2\/media\/8288"}],"wp:attachment":[{"href":"https:\/\/centralmedia.rs\/index.php\/wp-json\/wp\/v2\/media?parent=8287"}],"wp:term":[{"taxonomy":"category","embeddable":true,"href":"https:\/\/centralmedia.rs\/index.php\/wp-json\/wp\/v2\/categories?post=8287"},{"taxonomy":"post_tag","embeddable":true,"href":"https:\/\/centralmedia.rs\/index.php\/wp-json\/wp\/v2\/tags?post=8287"}],"curies":[{"name":"wp","href":"https:\/\/api.w.org\/{rel}","templated":true}]}}