{"id":8330,"date":"2017-06-15T00:24:38","date_gmt":"2017-06-15T00:24:38","guid":{"rendered":"http:\/\/centralmedia.rs\/?p=8330"},"modified":"2017-06-15T00:25:25","modified_gmt":"2017-06-15T00:25:25","slug":"povodom-dana-opstine-cakana-u-despotovcu","status":"publish","type":"post","link":"https:\/\/centralmedia.rs\/index.php\/2017\/06\/15\/povodom-dana-opstine-cakana-u-despotovcu\/","title":{"rendered":"POVODOM DANA OP\u0160TINE &#8211; CAKANA U DESPOTOVCU"},"content":{"rendered":"<p>DESPOTOVAC- U susret 16 junu Danu op\u0161tine Despotovac, u \u010detvrtak od 19 sati na Trgu despota Stefana Lazarevi\u0107a nastupi\u0107e ansanbl Sveti Stefan despot Srpski, a od 20 sati Dragica Radosavljevi\u0107 &#8211; Cakana i Oliver Tvist bend.<\/p>\n","protected":false},"excerpt":{"rendered":"<p>DESPOTOVAC- U susret 16 junu Danu op\u0161tine Despotovac, u \u010detvrtak od 19 sati na Trgu despota Stefana Lazarevi\u0107a nastupi\u0107e ansanbl Sveti Stefan despot Srpski, a &hellip; <\/p>\n","protected":false},"author":4,"featured_media":8331,"comment_status":"open","ping_status":"open","sticky":false,"template":"","format":"standard","meta":{"footnotes":""},"categories":[1518,1524,2],"tags":[2042,2041,51],"_links":{"self":[{"href":"https:\/\/centralmedia.rs\/index.php\/wp-json\/wp\/v2\/posts\/8330"}],"collection":[{"href":"https:\/\/centralmedia.rs\/index.php\/wp-json\/wp\/v2\/posts"}],"about":[{"href":"https:\/\/centralmedia.rs\/index.php\/wp-json\/wp\/v2\/types\/post"}],"author":[{"embeddable":true,"href":"https:\/\/centralmedia.rs\/index.php\/wp-json\/wp\/v2\/users\/4"}],"replies":[{"embeddable":true,"href":"https:\/\/centralmedia.rs\/index.php\/wp-json\/wp\/v2\/comments?post=8330"}],"version-history":[{"count":0,"href":"https:\/\/centralmedia.rs\/index.php\/wp-json\/wp\/v2\/posts\/8330\/revisions"}],"wp:featuredmedia":[{"embeddable":true,"href":"https:\/\/centralmedia.rs\/index.php\/wp-json\/wp\/v2\/media\/8331"}],"wp:attachment":[{"href":"https:\/\/centralmedia.rs\/index.php\/wp-json\/wp\/v2\/media?parent=8330"}],"wp:term":[{"taxonomy":"category","embeddable":true,"href":"https:\/\/centralmedia.rs\/index.php\/wp-json\/wp\/v2\/categories?post=8330"},{"taxonomy":"post_tag","embeddable":true,"href":"https:\/\/centralmedia.rs\/index.php\/wp-json\/wp\/v2\/tags?post=8330"}],"curies":[{"name":"wp","href":"https:\/\/api.w.org\/{rel}","templated":true}]}}