{"id":8379,"date":"2017-06-17T12:23:50","date_gmt":"2017-06-17T12:23:50","guid":{"rendered":"http:\/\/centralmedia.rs\/?p=8379"},"modified":"2017-06-17T12:23:50","modified_gmt":"2017-06-17T12:23:50","slug":"jagodinski-naprednjaci-jednoglasna-podrska-predsedniku-nikoli-radosavljevicu","status":"publish","type":"post","link":"https:\/\/centralmedia.rs\/index.php\/2017\/06\/17\/jagodinski-naprednjaci-jednoglasna-podrska-predsedniku-nikoli-radosavljevicu\/","title":{"rendered":"JAGODINSKI NAPREDNJACI -JEDNOGLASNA PODR\u0160KA PREDSEDNIKU NIKOLI RADOSAVLJEVI\u0106U"},"content":{"rendered":"<p>&#8211; U protekle dve godine koliko je na \u010delu SNS-a u Jagodini Nikola Radosavljevi\u0107, stranka je do\u017eivela preporod u svakom smislu &#8211; zaklju\u010dak je sa sednice Gradskog odbora, a na kojoj je pru\u017eena bezrezervna podr\u0161ka prvom \u010doveku ove partije u Jagodini.<br id=\"m_-909409785295861058gmail-m_7771074328292258723gmail-yiv5846019708yui_3_16_0_ym19_1_1497640372714_9432\" \/>Posle godina tavorenja i trvenja stvoren je jak Gradski odbor koji je spreman da odgovori svim izazovima i postavljenim zadacima vrha stranke u Beogradu, odbor koji se respektuje ne samo u Pomoravlju ve\u0107 i u \u010ditavoj Srbiji. Podnose\u0107i izve\u0161taj o radu u protekle dve godine Radosavljevi\u0107 je istakao da je na lokalnim izborima SNS postigla istorijski uspeh .Posle odli\u010dno organizovane i smi\u0161ljene kampanje, a zahvaljuju\u0107i velikom anga\u017eovanju i mobilizaciji \u010dlanstva, stranka koja nikada nije bila u vlasti u Jagodini dobila je za svoj program podr\u0161ku gradjana koje predstavljaju tre\u0107inu odbornika. Odborni\u010dka grupa SNS-a aktivno u\u010destvuje u radu lokalnog parlamenta a sve u pravcu ostvarenja ciljeva za koje se u kampanji i zalagala. <a href=\"https:\/\/centralmedia.rs\/wp-content\/uploads\/2017\/06\/Glasanje.jpg\"><img loading=\"lazy\" decoding=\"async\" class=\"aligncenter size-full wp-image-8381\" src=\"https:\/\/centralmedia.rs\/wp-content\/uploads\/2017\/06\/Glasanje.jpg\" alt=\"\" width=\"1172\" height=\"600\" srcset=\"https:\/\/centralmedia.rs\/wp-content\/uploads\/2017\/06\/Glasanje.jpg 1172w, https:\/\/centralmedia.rs\/wp-content\/uploads\/2017\/06\/Glasanje-300x154.jpg 300w, https:\/\/centralmedia.rs\/wp-content\/uploads\/2017\/06\/Glasanje-768x393.jpg 768w, https:\/\/centralmedia.rs\/wp-content\/uploads\/2017\/06\/Glasanje-1024x524.jpg 1024w\" sizes=\"(max-width: 1172px) 100vw, 1172px\" \/><\/a>Lider jagodinskih naprednjaka, Nikola Radosavljevi\u0107, predizborni program ostvaruje kao predsednik saveta za privredu grada Jagodine.<br id=\"m_-909409785295861058gmail-m_7771074328292258723gmail-yiv5846019708yui_3_16_0_ym19_1_1497640372714_9433\" \/>&#8211; Smatram da politi\u010dar treba da radi u interesu gradjana koji su ga izabrali. Meni kao privredniku je prioritet privreda &#8211; kazao je Radosavljevi\u0107 i dodao: &#8211; Prepoznaju\u0107i nezaposlenost kao glavni problem ostvario sam, sa pozicije funkcije koju obavljam, niz bilateralnih susreta sa privrednicima iz Evropske unije, a naro\u010dito plodonosna saradnja ostvarena je sa investitorima iz Slova\u010dke i \u010ce\u0161ke .Ono \u0161to je jo\u0161 va\u017enije svi privrednici koje sam doveo u Srbiju veoma su zadovoljni ponudjenim uslovima i kontaktima koje sam im obezbedio u nadle\u017enim minstarstvima i sa ministrima od kojih imam punu podr\u0161ku u dovodjenju stranih investitora. Naro\u010dito bih se zahvalio gospodinu Bratislavu Ga\u0161i\u0107u, sada aktuelnom direktoru BIA. Neki poslovi su u fazi zavr\u0161etka realizacije, a u budu\u0107nosti bi\u0107e i prijatnih iznenadjenja za nezaposlene &#8211; istakao je Radosavljevi\u0107, osvrnuv\u0161i se i na nedavano odr\u017eane predsedni\u010dke izbore. &#8211; Tokom ove godine najve\u0107i izazov za Gradski odbor u Jagodini bili su predsedni\u010dki izbori na kojima je na\u0161 kandidat sada ve\u0107 izabrani predsednik, Aleksandar Vu\u010di\u0107 ostvario ubedljivu pobedu . Za rad i zalaganje kao i za postignute rezultate Gradski odbor i ja li\u010dno dobili smo sve pohvale od rukovodstva stranke i to mi posebno zna\u010di. Stvorili smo i tehni\u010dke uslove za rad stranke, pa smo tako sada u novim, moderno opremljenim prostorijama u Tr\u017enom centru Stara po\u0161ta. Gradjani nas svakodnevno obilaze i svakome kome realno mo\u017eemo da pomognemo to i \u010dinimo. Poja\u010dali smo se sa jo\u0161 pet Mesnih odbora gde nismo imali predsednike i tom prilikom u\u010dlanili smo preko 400 ljudi za manje od mesec dana.<\/p>\n<figure id=\"attachment_8382\" aria-describedby=\"caption-attachment-8382\" style=\"width: 526px\" class=\"wp-caption alignright\"><a href=\"https:\/\/centralmedia.rs\/wp-content\/uploads\/2017\/06\/Nikola-i-Slavko-Simi\u0107-predsednik-srpske-liste.jpg\"><img loading=\"lazy\" decoding=\"async\" class=\"size-full wp-image-8382\" src=\"https:\/\/centralmedia.rs\/wp-content\/uploads\/2017\/06\/Nikola-i-Slavko-Simi\u0107-predsednik-srpske-liste.jpg\" alt=\"\" width=\"526\" height=\"935\" srcset=\"https:\/\/centralmedia.rs\/wp-content\/uploads\/2017\/06\/Nikola-i-Slavko-Simi\u0107-predsednik-srpske-liste.jpg 526w, https:\/\/centralmedia.rs\/wp-content\/uploads\/2017\/06\/Nikola-i-Slavko-Simi\u0107-predsednik-srpske-liste-169x300.jpg 169w\" sizes=\"(max-width: 526px) 100vw, 526px\" \/><\/a><figcaption id=\"caption-attachment-8382\" class=\"wp-caption-text\">Radosavljevi\u0107 sa Slavkom Simi\u0107em<\/figcaption><\/figure>\n<p><br id=\"m_-909409785295861058gmail-m_7771074328292258723gmail-yiv5846019708yui_3_16_0_ym19_1_1497640372714_9434\" \/>Gradski odbor u Jagodini je imao i poseban zadatak tokom nedavno odr\u017eanih izbora na Kosovu i Metohiji, gde je Srpska lista koju je podr\u017eao predsednik Srbije Aleksandar Vu\u010di\u0107 odnela ubedljivu pobedu. Tim povodom Radosavljevi\u0107 isti\u010de: &#8211; Radili smo danono\u0107no kako bi pomogli na\u0161oj bra\u0107i na Kosovu i Metohiji da politi\u010dkim delovanjem i pobedom sa\u010duvamo na\u0161 narod. Ja li\u010dno, bio sam i na samom terenu, zajedno sa na\u0161im narodom i bio sam deo pobedni\u010dkog tima zbog \u010dega sam ponosan. Priznanje za rad dobio sam li\u010dno od Marka Djuri\u0107a, direktora vladine kancelarije za Kosovo i Metohiju i to mi je veliki podsticaj za dalji rad. Posebnu zahvalnicu sam dobio od Milo\u0161a Stojkovi\u0107a, koji je predsednik Koalicije raseljenih sa Kosova i Metohije, kao i od predsednika Srpske liste, Slavka Simi\u0107a.<br id=\"m_-909409785295861058gmail-m_7771074328292258723gmail-yiv5846019708yui_3_16_0_ym19_1_1497640372714_9435\" \/>\u0160to se ti\u010de rada na\u0161e odborni\u010dke grupe u lokalnom parlamentu, mi smo do sada podr\u017eali svaku inicijativu i svaki predlog koji vodi boljitku \u017eivota gradjana Jagodine, ali isto tako moram da ka\u017eem da su u gradskom parlamentu uva\u017eavani i na\u0161i predlozi i ideje, a bilo ih je puno. Mi smo uvek za saradnju, a ne za jalove sukobe od kojih gradjani imaju samo \u0161tetu. U centru naseg rada i delovanja je interes gradjana, a ne pojedinca i tako ce biti i u narednom periodu. Govore\u0107i o povremenim disonantnim tonovima u stranci, Radosaljevi\u0107 je rekao da je to tekovina demokratije naglasiv\u0161i da su oni rezultat politi\u010dkog neiskustva nekih aktera.<br id=\"m_-909409785295861058gmail-m_7771074328292258723gmail-yiv5846019708yui_3_16_0_ym19_1_1497640372714_9436\" \/>&#8211; Uglavnom jedinstvo u Gradskom odboru nikada nije dovedeno u pitanje, a da je tako dokaz je i dana\u0161nja jednoglasna podr\u0161ka mom izve\u0161taju o radu u protekle dve godine, \u0161to je meni li\u010dno veliki podstrek, ali i obaveza da u narednom periodu radim jo\u0161 vi\u0161e i marljivije, a sve na dobrobit gradjana koji su nas na kraju krajeva i birali da ih predstavljamo &#8211; zaklju\u010dio je Nikola Radosavljevi\u0107, predsednik Gradskog odbora SNS u Jagodini.<br \/>\nD.M.S.<\/p>\n","protected":false},"excerpt":{"rendered":"<p>&#8211; U protekle dve godine koliko je na \u010delu SNS-a u Jagodini Nikola Radosavljevi\u0107, stranka je do\u017eivela preporod u svakom smislu &#8211; zaklju\u010dak je sa &hellip; <\/p>\n","protected":false},"author":4,"featured_media":8380,"comment_status":"open","ping_status":"open","sticky":false,"template":"","format":"standard","meta":{"footnotes":""},"categories":[1524,2,1514,13,12],"tags":[2055,2054],"_links":{"self":[{"href":"https:\/\/centralmedia.rs\/index.php\/wp-json\/wp\/v2\/posts\/8379"}],"collection":[{"href":"https:\/\/centralmedia.rs\/index.php\/wp-json\/wp\/v2\/posts"}],"about":[{"href":"https:\/\/centralmedia.rs\/index.php\/wp-json\/wp\/v2\/types\/post"}],"author":[{"embeddable":true,"href":"https:\/\/centralmedia.rs\/index.php\/wp-json\/wp\/v2\/users\/4"}],"replies":[{"embeddable":true,"href":"https:\/\/centralmedia.rs\/index.php\/wp-json\/wp\/v2\/comments?post=8379"}],"version-history":[{"count":0,"href":"https:\/\/centralmedia.rs\/index.php\/wp-json\/wp\/v2\/posts\/8379\/revisions"}],"wp:featuredmedia":[{"embeddable":true,"href":"https:\/\/centralmedia.rs\/index.php\/wp-json\/wp\/v2\/media\/8380"}],"wp:attachment":[{"href":"https:\/\/centralmedia.rs\/index.php\/wp-json\/wp\/v2\/media?parent=8379"}],"wp:term":[{"taxonomy":"category","embeddable":true,"href":"https:\/\/centralmedia.rs\/index.php\/wp-json\/wp\/v2\/categories?post=8379"},{"taxonomy":"post_tag","embeddable":true,"href":"https:\/\/centralmedia.rs\/index.php\/wp-json\/wp\/v2\/tags?post=8379"}],"curies":[{"name":"wp","href":"https:\/\/api.w.org\/{rel}","templated":true}]}}