{"id":8387,"date":"2017-06-17T12:43:52","date_gmt":"2017-06-17T12:43:52","guid":{"rendered":"http:\/\/centralmedia.rs\/?p=8387"},"modified":"2017-06-17T12:46:03","modified_gmt":"2017-06-17T12:46:03","slug":"dan-opstine-despotovac-drustvena-priznanja-najistaknutijima","status":"publish","type":"post","link":"https:\/\/centralmedia.rs\/index.php\/2017\/06\/17\/dan-opstine-despotovac-drustvena-priznanja-najistaknutijima\/","title":{"rendered":"DAN OP\u0160TINE DESPOTOVAC &#8211; DRU\u0160TVENA PRIZNANJA NAJISTAKNUTIJIMA"},"content":{"rendered":"<p>DESPOTOVAC-Dan op\u0161tine Despotovac obele\u017een je sve\u010danom akademijom i uru\u010denjem dru\u0161tevnih \u00a0priznanja najzaslu\u017enijima za razvoj te lokalne samouprave, a me\u0111u dobitinicima je savetnica predsednika Srbije Stanislava Pak Stankovi\u0107 za doprinos u pokretanju me\u0111unarodnog festivala Despot Stefan Lazarevi\u0107-Just out i razvoju turizma. <a href=\"https:\/\/centralmedia.rs\/wp-content\/uploads\/2017\/06\/akademija-1.jpg\"><img loading=\"lazy\" decoding=\"async\" class=\"alignright size-medium wp-image-8389\" src=\"https:\/\/centralmedia.rs\/wp-content\/uploads\/2017\/06\/akademija-1-300x225.jpg\" alt=\"\" width=\"300\" height=\"225\" srcset=\"https:\/\/centralmedia.rs\/wp-content\/uploads\/2017\/06\/akademija-1-300x225.jpg 300w, https:\/\/centralmedia.rs\/wp-content\/uploads\/2017\/06\/akademija-1-768x576.jpg 768w, https:\/\/centralmedia.rs\/wp-content\/uploads\/2017\/06\/akademija-1-80x60.jpg 80w, https:\/\/centralmedia.rs\/wp-content\/uploads\/2017\/06\/akademija-1-265x198.jpg 265w, https:\/\/centralmedia.rs\/wp-content\/uploads\/2017\/06\/akademija-1.jpg 900w\" sizes=\"(max-width: 300px) 100vw, 300px\" \/><\/a>Ona, me\u0111utim, \u00a0nije bila pristuna i op\u0161tinska Plaketa \u0107e joj biti uru\u010dena drugom prilikom. Najvi\u0161e kolektivno priznanje te op\u0161tine Zlatna plaketa dodeljena je KUD Svetozar Markovi\u0107 iz Medve\u0111e za o\u010duvanje izvornog narodnog stvarala\u0161tva i razvoj kulture. Plaketa je uru\u010dena Bojanu Milanovi\u0107 za razvoj turizma i \u017deljku Mu\u0161anovi\u0107u za razvoj sporta. Dvoje u\u010denika Tehni\u010dke \u0161kole Vanji Bogdanovi\u0107 i \u0110or\u0111u Miloradovi\u0107u uru\u010dene su diplome, a zahvalnice Dragi\u0161i Armu\u0161u i Milanu \u0110or\u0111evi\u0107u. U\u010denici generacije nagra\u0111eni su knjigama.<\/p>\n","protected":false},"excerpt":{"rendered":"<p>DESPOTOVAC-Dan op\u0161tine Despotovac obele\u017een je sve\u010danom akademijom i uru\u010denjem dru\u0161tevnih \u00a0priznanja najzaslu\u017enijima za razvoj te lokalne samouprave, a me\u0111u dobitinicima je savetnica predsednika Srbije Stanislava &hellip; <\/p>\n","protected":false},"author":4,"featured_media":8388,"comment_status":"open","ping_status":"open","sticky":false,"template":"","format":"standard","meta":{"footnotes":""},"categories":[1518,1524,2],"tags":[2041,51,2056],"_links":{"self":[{"href":"https:\/\/centralmedia.rs\/index.php\/wp-json\/wp\/v2\/posts\/8387"}],"collection":[{"href":"https:\/\/centralmedia.rs\/index.php\/wp-json\/wp\/v2\/posts"}],"about":[{"href":"https:\/\/centralmedia.rs\/index.php\/wp-json\/wp\/v2\/types\/post"}],"author":[{"embeddable":true,"href":"https:\/\/centralmedia.rs\/index.php\/wp-json\/wp\/v2\/users\/4"}],"replies":[{"embeddable":true,"href":"https:\/\/centralmedia.rs\/index.php\/wp-json\/wp\/v2\/comments?post=8387"}],"version-history":[{"count":0,"href":"https:\/\/centralmedia.rs\/index.php\/wp-json\/wp\/v2\/posts\/8387\/revisions"}],"wp:featuredmedia":[{"embeddable":true,"href":"https:\/\/centralmedia.rs\/index.php\/wp-json\/wp\/v2\/media\/8388"}],"wp:attachment":[{"href":"https:\/\/centralmedia.rs\/index.php\/wp-json\/wp\/v2\/media?parent=8387"}],"wp:term":[{"taxonomy":"category","embeddable":true,"href":"https:\/\/centralmedia.rs\/index.php\/wp-json\/wp\/v2\/categories?post=8387"},{"taxonomy":"post_tag","embeddable":true,"href":"https:\/\/centralmedia.rs\/index.php\/wp-json\/wp\/v2\/tags?post=8387"}],"curies":[{"name":"wp","href":"https:\/\/api.w.org\/{rel}","templated":true}]}}