{"id":8425,"date":"2017-06-28T09:08:00","date_gmt":"2017-06-28T09:08:00","guid":{"rendered":"http:\/\/centralmedia.rs\/?p=8425"},"modified":"2017-06-28T09:08:00","modified_gmt":"2017-06-28T09:08:00","slug":"vidovdanski-parastos-oslobodiocioma-u-jagodini-slava-ravnogorskog-pokreta","status":"publish","type":"post","link":"https:\/\/centralmedia.rs\/index.php\/2017\/06\/28\/vidovdanski-parastos-oslobodiocioma-u-jagodini-slava-ravnogorskog-pokreta\/","title":{"rendered":"VIDOVDANSKI PARASTOS OSLOBODIOCIOMA U JAGODINI-SLAVA RAVNOGORSKOG POKRETA"},"content":{"rendered":"<p>JAGODINA-Povodom Vidovdana sve\u0161tenstvo SPC danas je u centru Jagodine slu\u017eilo pomen oslobodiocima od Kosovskog boja do danas ispred spomenika posve\u0107enog poginulima za oslobo\u0111enje u balkanskim i prvom svetskom ratu. Pored gra\u0111ana, pomenu su prisustvovali pripadnici Ravnogorskog pokreta \u00a0kojima je Vidovdan krsna slava, te je izvr\u0161ena smotra. Parastosu je prisutvovao predsednik Ravnogorskog pokreta Predrag Bogi\u0107evi\u0107. \u00a0\u00a0\u00a0\u00a0<a href=\"https:\/\/centralmedia.rs\/wp-content\/uploads\/2017\/06\/smotra-1.jpg\"><img loading=\"lazy\" decoding=\"async\" class=\"aligncenter size-full wp-image-8427\" src=\"https:\/\/centralmedia.rs\/wp-content\/uploads\/2017\/06\/smotra-1.jpg\" alt=\"\" width=\"900\" height=\"651\" srcset=\"https:\/\/centralmedia.rs\/wp-content\/uploads\/2017\/06\/smotra-1.jpg 900w, https:\/\/centralmedia.rs\/wp-content\/uploads\/2017\/06\/smotra-1-300x217.jpg 300w, https:\/\/centralmedia.rs\/wp-content\/uploads\/2017\/06\/smotra-1-768x556.jpg 768w, https:\/\/centralmedia.rs\/wp-content\/uploads\/2017\/06\/smotra-1-324x235.jpg 324w\" sizes=\"(max-width: 900px) 100vw, 900px\" \/><\/a><\/p>\n<p>-Drago mi je da se Ravnogorci okupljaju ispred spomenika Oslobodiocima \u0161estu godinu zaredom, odnosno od obnavljanja rada pokreta u Jagodini. Nadam se da \u0107e se pokret \u0161iriti u Jagodini i da \u0107e biti sto\u017eer okupljanja dobrih i \u010destitih Ravnogoraca, rekao je Du\u0161an Markovi\u0107 predsednik Centralne oblasti Ravnogorskog pokreta.<\/p>\n<div id='gallery-1' class='gallery galleryid-8425 gallery-columns-2 gallery-size-full'><figure class='gallery-item'>\n\t\t\t<div class='gallery-icon landscape'>\n\t\t\t\t<a href='https:\/\/centralmedia.rs\/index.php\/2017\/06\/28\/vidovdanski-parastos-oslobodiocioma-u-jagodini-slava-ravnogorskog-pokreta\/smotra\/'><img loading=\"lazy\" decoding=\"async\" width=\"900\" height=\"675\" src=\"https:\/\/centralmedia.rs\/wp-content\/uploads\/2017\/06\/smotra.jpg\" class=\"attachment-full size-full\" alt=\"\" srcset=\"https:\/\/centralmedia.rs\/wp-content\/uploads\/2017\/06\/smotra.jpg 900w, https:\/\/centralmedia.rs\/wp-content\/uploads\/2017\/06\/smotra-300x225.jpg 300w, https:\/\/centralmedia.rs\/wp-content\/uploads\/2017\/06\/smotra-768x576.jpg 768w, https:\/\/centralmedia.rs\/wp-content\/uploads\/2017\/06\/smotra-80x60.jpg 80w, https:\/\/centralmedia.rs\/wp-content\/uploads\/2017\/06\/smotra-265x198.jpg 265w\" sizes=\"(max-width: 900px) 100vw, 900px\" \/><\/a>\n\t\t\t<\/div><\/figure><figure class='gallery-item'>\n\t\t\t<div class='gallery-icon landscape'>\n\t\t\t\t<a href='https:\/\/centralmedia.rs\/index.php\/2017\/06\/28\/vidovdanski-parastos-oslobodiocioma-u-jagodini-slava-ravnogorskog-pokreta\/pomen-2\/'><img loading=\"lazy\" decoding=\"async\" width=\"900\" height=\"675\" src=\"https:\/\/centralmedia.rs\/wp-content\/uploads\/2017\/06\/pomen-2.jpg\" class=\"attachment-full size-full\" alt=\"\" srcset=\"https:\/\/centralmedia.rs\/wp-content\/uploads\/2017\/06\/pomen-2.jpg 900w, https:\/\/centralmedia.rs\/wp-content\/uploads\/2017\/06\/pomen-2-300x225.jpg 300w, https:\/\/centralmedia.rs\/wp-content\/uploads\/2017\/06\/pomen-2-768x576.jpg 768w, https:\/\/centralmedia.rs\/wp-content\/uploads\/2017\/06\/pomen-2-80x60.jpg 80w, https:\/\/centralmedia.rs\/wp-content\/uploads\/2017\/06\/pomen-2-265x198.jpg 265w\" sizes=\"(max-width: 900px) 100vw, 900px\" \/><\/a>\n\t\t\t<\/div><\/figure>\n\t\t<\/div>\n\n<p>Pored Ravnogoraca iz Jagodine, pomenu su prisustvovali i \u010dlanvi tog pokreta iz Kragujevca, Leskovca, Ivanjice, Kraljeva, Kur\u0161umlije i Po\u017earevca.<\/p>\n","protected":false},"excerpt":{"rendered":"<p>JAGODINA-Povodom Vidovdana sve\u0161tenstvo SPC danas je u centru Jagodine slu\u017eilo pomen oslobodiocima od Kosovskog boja do danas ispred spomenika posve\u0107enog poginulima za oslobo\u0111enje u balkanskim &hellip; <\/p>\n","protected":false},"author":4,"featured_media":8426,"comment_status":"open","ping_status":"open","sticky":false,"template":"","format":"standard","meta":{"footnotes":""},"categories":[14,1524,2,1514,12],"tags":[2067,2068,2001,903],"_links":{"self":[{"href":"https:\/\/centralmedia.rs\/index.php\/wp-json\/wp\/v2\/posts\/8425"}],"collection":[{"href":"https:\/\/centralmedia.rs\/index.php\/wp-json\/wp\/v2\/posts"}],"about":[{"href":"https:\/\/centralmedia.rs\/index.php\/wp-json\/wp\/v2\/types\/post"}],"author":[{"embeddable":true,"href":"https:\/\/centralmedia.rs\/index.php\/wp-json\/wp\/v2\/users\/4"}],"replies":[{"embeddable":true,"href":"https:\/\/centralmedia.rs\/index.php\/wp-json\/wp\/v2\/comments?post=8425"}],"version-history":[{"count":0,"href":"https:\/\/centralmedia.rs\/index.php\/wp-json\/wp\/v2\/posts\/8425\/revisions"}],"wp:featuredmedia":[{"embeddable":true,"href":"https:\/\/centralmedia.rs\/index.php\/wp-json\/wp\/v2\/media\/8426"}],"wp:attachment":[{"href":"https:\/\/centralmedia.rs\/index.php\/wp-json\/wp\/v2\/media?parent=8425"}],"wp:term":[{"taxonomy":"category","embeddable":true,"href":"https:\/\/centralmedia.rs\/index.php\/wp-json\/wp\/v2\/categories?post=8425"},{"taxonomy":"post_tag","embeddable":true,"href":"https:\/\/centralmedia.rs\/index.php\/wp-json\/wp\/v2\/tags?post=8425"}],"curies":[{"name":"wp","href":"https:\/\/api.w.org\/{rel}","templated":true}]}}