{"id":8431,"date":"2017-06-28T13:57:13","date_gmt":"2017-06-28T13:57:13","guid":{"rendered":"http:\/\/centralmedia.rs\/?p=8431"},"modified":"2017-06-28T14:02:31","modified_gmt":"2017-06-28T14:02:31","slug":"cuprija-podize-spomenik-caru-lazaru-za-vidovdan-2018-godine","status":"publish","type":"post","link":"https:\/\/centralmedia.rs\/index.php\/2017\/06\/28\/cuprija-podize-spomenik-caru-lazaru-za-vidovdan-2018-godine\/","title":{"rendered":"\u0106UPRIJA PODI\u017dE SPOMENIK CARU LAZARU ZA VIDOVDAN 2018. GODINE"},"content":{"rendered":"<p>\u0106UPRIJA-Veliki broj gra\u0111ana prisustvovao je Vidovdanskim sve\u010danostima danas u manastiru Ravanica kod \u0106uprije, gde se klanjao i celivao izlo\u017eene mo\u0161ti Kneza Lazara.\u00a0 Predsednik te op\u0161tine Ninoslav Eri\u0107 najavio je da za slede\u0107i Vidovdan biti otkriven spomenik Knez Lazaru visok 12 metara na kru\u017enom toku na ulazu sa auto puta u taj grad.<a href=\"https:\/\/centralmedia.rs\/wp-content\/uploads\/2017\/06\/vidovdan-1.jpg\"><img loading=\"lazy\" decoding=\"async\" class=\"aligncenter size-full wp-image-8433\" src=\"https:\/\/centralmedia.rs\/wp-content\/uploads\/2017\/06\/vidovdan-1.jpg\" alt=\"\" width=\"900\" height=\"675\" srcset=\"https:\/\/centralmedia.rs\/wp-content\/uploads\/2017\/06\/vidovdan-1.jpg 900w, https:\/\/centralmedia.rs\/wp-content\/uploads\/2017\/06\/vidovdan-1-300x225.jpg 300w, https:\/\/centralmedia.rs\/wp-content\/uploads\/2017\/06\/vidovdan-1-768x576.jpg 768w, https:\/\/centralmedia.rs\/wp-content\/uploads\/2017\/06\/vidovdan-1-80x60.jpg 80w, https:\/\/centralmedia.rs\/wp-content\/uploads\/2017\/06\/vidovdan-1-265x198.jpg 265w\" sizes=\"(max-width: 900px) 100vw, 900px\" \/><\/a><\/p>\n<p>-Sama figura bi\u0107e visoka preko 9 metara,a postament 3 metra. On \u0107e da bude sli\u010dan spomeniku postavljenom u Kosovskoj Mitrovici. Dominira\u0107e okolinom i vide\u0107e ga svi koji prolaze ovim\u00a0 delom auto puta. Pored toga, dogovaramo sa Putevima Srbije rekonstrukciju puta od \u0106uprije do manastira Ravanica. Na\u0161a strategija razvoja do 2020. godine je, pored industrijskog i privrednog razvoja, razvoj verskog i sportskog turizma. Okosnicu verskog turizma \u010dini manastir Ravanica zadu\u017ebina svetog Cara Lazara, dok \u0107e se sportski turizam razvijati sa izradnjom atletske dvorane. U toku je izada projekata, rekao je Eri\u0107.<\/p>\n<figure id=\"attachment_8435\" aria-describedby=\"caption-attachment-8435\" style=\"width: 900px\" class=\"wp-caption aligncenter\"><a href=\"https:\/\/centralmedia.rs\/wp-content\/uploads\/2017\/06\/ninoslav-eric.jpg\"><img loading=\"lazy\" decoding=\"async\" class=\"size-full wp-image-8435\" src=\"https:\/\/centralmedia.rs\/wp-content\/uploads\/2017\/06\/ninoslav-eric.jpg\" alt=\"\" width=\"900\" height=\"675\" srcset=\"https:\/\/centralmedia.rs\/wp-content\/uploads\/2017\/06\/ninoslav-eric.jpg 900w, https:\/\/centralmedia.rs\/wp-content\/uploads\/2017\/06\/ninoslav-eric-300x225.jpg 300w, https:\/\/centralmedia.rs\/wp-content\/uploads\/2017\/06\/ninoslav-eric-768x576.jpg 768w, https:\/\/centralmedia.rs\/wp-content\/uploads\/2017\/06\/ninoslav-eric-80x60.jpg 80w, https:\/\/centralmedia.rs\/wp-content\/uploads\/2017\/06\/ninoslav-eric-265x198.jpg 265w\" sizes=\"(max-width: 900px) 100vw, 900px\" \/><\/a><figcaption id=\"caption-attachment-8435\" class=\"wp-caption-text\">Ninoslav Eri\u0107<\/figcaption><\/figure>\n<p>Episkop Brani\u010devski Ignjatije u manastirskoj crkvi &#8220;Vaznesenja Gospodnjeg&#8221;, slu\u017eio je parastos kosovskim junacima, otvoren je kov\u010deg sa mo\u0161tima Kneza Lazara, kojima su se gra\u0111ani klanjali i celivali.<a href=\"https:\/\/centralmedia.rs\/wp-content\/uploads\/2017\/06\/vidovdan-2.jpg\"><img loading=\"lazy\" decoding=\"async\" class=\"aligncenter size-full wp-image-8434\" src=\"https:\/\/centralmedia.rs\/wp-content\/uploads\/2017\/06\/vidovdan-2.jpg\" alt=\"\" width=\"900\" height=\"675\" srcset=\"https:\/\/centralmedia.rs\/wp-content\/uploads\/2017\/06\/vidovdan-2.jpg 900w, https:\/\/centralmedia.rs\/wp-content\/uploads\/2017\/06\/vidovdan-2-300x225.jpg 300w, https:\/\/centralmedia.rs\/wp-content\/uploads\/2017\/06\/vidovdan-2-768x576.jpg 768w, https:\/\/centralmedia.rs\/wp-content\/uploads\/2017\/06\/vidovdan-2-80x60.jpg 80w, https:\/\/centralmedia.rs\/wp-content\/uploads\/2017\/06\/vidovdan-2-265x198.jpg 265w\" sizes=\"(max-width: 900px) 100vw, 900px\" \/><\/a><\/p>\n<p>Na Vidovdanskim sve\u010danostima u porti manastira Ravanica u\u010destovali su vitezovi Vite\u0161kog reda &#8220;Svibor&#8221;, Konji\u010dki klub &#8220;Nebesko brdo&#8221;, \u010dlanovi Zavi\u010dajnog kluba likovnih umetnika i Pred\u0161kolske ustanove &#8220;De\u010dija radost&#8221; iz \u0106uprije. Na stihove Milice Bara\u0107 scenski prikaz &#8220;Lazaru Vezenica&#8221; izvela je profesor Ljiljana \u0110urovi\u0107 sa studentima FDU, a zatim je nastupio vokalni duet &#8220;Bra\u0107a Teofilovi\u0107&#8221;, kao i gradsko kulturno umetni\u010dko dru\u0161tvo &#8220;\u017delezni\u010dar&#8221;. Sve\u010danost u Ravanici zavr\u0161ena je tradicionalnim &#8220;Vidovdanskim kolom&#8221;. <a href=\"https:\/\/centralmedia.rs\/wp-content\/uploads\/2017\/06\/vidovdan.jpg\"><img loading=\"lazy\" decoding=\"async\" class=\"aligncenter size-full wp-image-8436\" src=\"https:\/\/centralmedia.rs\/wp-content\/uploads\/2017\/06\/vidovdan.jpg\" alt=\"\" width=\"900\" height=\"1051\" srcset=\"https:\/\/centralmedia.rs\/wp-content\/uploads\/2017\/06\/vidovdan.jpg 900w, https:\/\/centralmedia.rs\/wp-content\/uploads\/2017\/06\/vidovdan-257x300.jpg 257w, https:\/\/centralmedia.rs\/wp-content\/uploads\/2017\/06\/vidovdan-768x897.jpg 768w, https:\/\/centralmedia.rs\/wp-content\/uploads\/2017\/06\/vidovdan-877x1024.jpg 877w\" sizes=\"(max-width: 900px) 100vw, 900px\" \/><\/a>Ve\u010deras \u0107e u Zavi\u010dajnom muzeju &#8220;Horeum Margi Ravno&#8221; u 19.30 sati, profesor Predrag Markovi\u0107, odr\u017ea\u0107ti predavanje na temu &#8220;Slobodarska tradicija Srba&#8221;. U okviru &#8220;Vidovdanskih sve\u010danosti&#8221; u Muzeju Horeum Margi Ravno&#8221; u \u0106upriji otvorena je izlo\u017eba srednjovekovnog naoru\u017eanja, ratni\u010dke opreme i dokumenata, pod nazivom &#8220;Kupinik poslednja prestonica srpskih despota&#8221;, koju su organizovali Zavi\u010dajni muzej iz Rume i Vojni muzej iz Beograda.<\/p>\n<p>&nbsp;<\/p>\n","protected":false},"excerpt":{"rendered":"<p>\u0106UPRIJA-Veliki broj gra\u0111ana prisustvovao je Vidovdanskim sve\u010danostima danas u manastiru Ravanica kod \u0106uprije, gde se klanjao i celivao izlo\u017eene mo\u0161ti Kneza Lazara.\u00a0 Predsednik te op\u0161tine &hellip; <\/p>\n","protected":false},"author":4,"featured_media":8432,"comment_status":"open","ping_status":"open","sticky":false,"template":"","format":"standard","meta":{"footnotes":""},"categories":[1515,14,1524,2,887,12],"tags":[44,931,912,903],"_links":{"self":[{"href":"https:\/\/centralmedia.rs\/index.php\/wp-json\/wp\/v2\/posts\/8431"}],"collection":[{"href":"https:\/\/centralmedia.rs\/index.php\/wp-json\/wp\/v2\/posts"}],"about":[{"href":"https:\/\/centralmedia.rs\/index.php\/wp-json\/wp\/v2\/types\/post"}],"author":[{"embeddable":true,"href":"https:\/\/centralmedia.rs\/index.php\/wp-json\/wp\/v2\/users\/4"}],"replies":[{"embeddable":true,"href":"https:\/\/centralmedia.rs\/index.php\/wp-json\/wp\/v2\/comments?post=8431"}],"version-history":[{"count":0,"href":"https:\/\/centralmedia.rs\/index.php\/wp-json\/wp\/v2\/posts\/8431\/revisions"}],"wp:featuredmedia":[{"embeddable":true,"href":"https:\/\/centralmedia.rs\/index.php\/wp-json\/wp\/v2\/media\/8432"}],"wp:attachment":[{"href":"https:\/\/centralmedia.rs\/index.php\/wp-json\/wp\/v2\/media?parent=8431"}],"wp:term":[{"taxonomy":"category","embeddable":true,"href":"https:\/\/centralmedia.rs\/index.php\/wp-json\/wp\/v2\/categories?post=8431"},{"taxonomy":"post_tag","embeddable":true,"href":"https:\/\/centralmedia.rs\/index.php\/wp-json\/wp\/v2\/tags?post=8431"}],"curies":[{"name":"wp","href":"https:\/\/api.w.org\/{rel}","templated":true}]}}