{"id":8439,"date":"2017-06-28T14:09:01","date_gmt":"2017-06-28T14:09:01","guid":{"rendered":"http:\/\/centralmedia.rs\/?p=8439"},"modified":"2017-06-28T14:11:16","modified_gmt":"2017-06-28T14:11:16","slug":"muzicki-festival-na-pod-vedrim-nebom-u-paracinu","status":"publish","type":"post","link":"https:\/\/centralmedia.rs\/index.php\/2017\/06\/28\/muzicki-festival-na-pod-vedrim-nebom-u-paracinu\/","title":{"rendered":"MUZI\u010cKI FESTIVAL NA POD VEDRIM NEBOM U PARA\u0106INU"},"content":{"rendered":"<p>Prvi dvodnevni muzi\u010dki festival, pod otvorenim nebom u Pomoravlju, dogodi\u0107e se 28. i 29. jula u Para\u0107inu, na prostoru biv\u0161e vojne kasarne \u201c7. Juli\u201d.\u00a0Nikola \u0110iki\u0107, predsednik udru\u017eenja \u201cFull House\u201d, koje je organizator festivala rekao je da ideja o muzi\u010dkom festivalu u Para\u0107inu nije nova, ali je dugo \u010dekala realizaciju.<\/p>\n<p>-Projekat je nastao pro\u0161log leta, nakon \u010dega je potencijal za razvoj prepoznala Op\u0161tina Para\u0107in, koja je i pokrovitelj festivala. Cilj je da animiramo mlade ljude u Para\u0107inu, Pomoravlju i Isto\u010dnoj Srbiji, kojima bi ovo bilo i najbli\u017ee muzi\u010dko de\u0161avanje, ali i mlade iz ve\u0107ih gradskih centara, koji sli\u010dne projekte ve\u0107 imaju u svojoj sredini &#8211; poput Kru\u0161evca, Ni\u0161a i Kragujevca. \u017delimo da se Para\u0107in pozicionira na turisti\u010dkoj mapi gradova sa sli\u010dnim manifestacijama, kojima se mladi rado vra\u0107aju iz godine u godinu. \u017delimo da svi mladi imaju ovakav festival bli\u017ee svojoj ku\u0107i i da ovo bude festival koji \u0107e svi mladi koji to vole, mo\u0107i i da priu\u0161te.\u00a0Da radimo pravu stvar, pokazuje veliko interesovanje za festival za kratko vreme od njegovog objavljivanja, a raduje nas i to \u0161to se veliki broj mladih uklju\u010duje u organizaciju, voljni da pomognu festivalu i svom gradu \u0161to je mogu\u0107e bolje, rekao je on<\/p>\n<p>Osim Op\u0161tine Para\u0107in, niko od poslovnih subjekata u okru\u017eenju za sada nije podr\u017eao ovaj projekat, \u0161to se odrazilo na ponudu u odnosu na druge, ve\u0107e festivale.<\/p>\n<p>Prvog dana festivala, publici u Para\u0107inu predstavi\u0107e se fantasti\u010dni dj duo <a href=\"https:\/\/energijafest.com\/artists\/zap-me-strobe\/\"><strong>Zap Me Strobe<\/strong><\/a>, kao i miljenik publike na sli\u010dnim festivalima u zemlji <a href=\"https:\/\/energijafest.com\/artists\/cavin-viviano\/\"><strong>Cavin Viviano<\/strong><\/a>. Pored njih, tu su i <a href=\"https:\/\/energijafest.com\/artists\/troublemakers\/\"><strong>Troublemakers<\/strong><\/a>-i iz Kru\u0161evca, misteriozni <a href=\"https:\/\/energijafest.com\/artists\/wortexx\/\"><strong>WortexX<\/strong><\/a> i lokalna podr\u0161ka <a href=\"https:\/\/energijafest.com\/artists\/zv1\/\"><strong>Zv1<\/strong><\/a> i <a href=\"https:\/\/energijafest.com\/artists\/anzel\/\"><strong>Andrija Anzel<\/strong><\/a>.<\/p>\n<p>Drugo festivalsko ve\u010de, bi\u0107e rezervisano za ne\u0161to tvr\u0111i, tehno zvuk, koje \u0107e predvoditi \u201csvetsko a na\u0161e\u201d ime <a href=\"https:\/\/energijafest.com\/artists\/andrew-meller\/\"><strong>Andrew Meller<\/strong><\/a> i harizmati\u010dna mlada dama <a href=\"https:\/\/energijafest.com\/artists\/duende\/\"><strong>Aleksandra Duende<\/strong><\/a>, uz podr\u0161ku fantasti\u010dne ekipe &#8211; <a href=\"https:\/\/energijafest.com\/artists\/filthy-kid\/\"><strong>Filthy Kid<\/strong><\/a>-a iz Ni\u0161a, <a href=\"https:\/\/energijafest.com\/artists\/mark-andersson\/\"><strong>Mark Andersson<\/strong><\/a>-a iz Kragujevca, <a href=\"https:\/\/energijafest.com\/artists\/rivet-spinners\/\"><strong>Rivet Spinners<\/strong><\/a>-a iz Zrenjanina i lokalne podr\u0161ke, nezaobilaznih <a href=\"https:\/\/energijafest.com\/artists\/djix-teachr\/\"><strong>DJIX<\/strong><\/a> <a href=\"https:\/\/energijafest.com\/artists\/djix-teachr\/\"><strong>&amp;<\/strong><\/a> <a href=\"https:\/\/energijafest.com\/artists\/djix-teachr\/\"><strong>TeachR<\/strong><\/a>-a.<\/p>\n<p>&nbsp;<\/p>\n","protected":false},"excerpt":{"rendered":"<p>Prvi dvodnevni muzi\u010dki festival, pod otvorenim nebom u Pomoravlju, dogodi\u0107e se 28. i 29. jula u Para\u0107inu, na prostoru biv\u0161e vojne kasarne \u201c7. Juli\u201d.\u00a0Nikola \u0110iki\u0107, &hellip; <\/p>\n","protected":false},"author":4,"featured_media":8440,"comment_status":"open","ping_status":"open","sticky":false,"template":"","format":"standard","meta":{"footnotes":""},"categories":[1524,2,1516],"tags":[2069,156],"_links":{"self":[{"href":"https:\/\/centralmedia.rs\/index.php\/wp-json\/wp\/v2\/posts\/8439"}],"collection":[{"href":"https:\/\/centralmedia.rs\/index.php\/wp-json\/wp\/v2\/posts"}],"about":[{"href":"https:\/\/centralmedia.rs\/index.php\/wp-json\/wp\/v2\/types\/post"}],"author":[{"embeddable":true,"href":"https:\/\/centralmedia.rs\/index.php\/wp-json\/wp\/v2\/users\/4"}],"replies":[{"embeddable":true,"href":"https:\/\/centralmedia.rs\/index.php\/wp-json\/wp\/v2\/comments?post=8439"}],"version-history":[{"count":0,"href":"https:\/\/centralmedia.rs\/index.php\/wp-json\/wp\/v2\/posts\/8439\/revisions"}],"wp:featuredmedia":[{"embeddable":true,"href":"https:\/\/centralmedia.rs\/index.php\/wp-json\/wp\/v2\/media\/8440"}],"wp:attachment":[{"href":"https:\/\/centralmedia.rs\/index.php\/wp-json\/wp\/v2\/media?parent=8439"}],"wp:term":[{"taxonomy":"category","embeddable":true,"href":"https:\/\/centralmedia.rs\/index.php\/wp-json\/wp\/v2\/categories?post=8439"},{"taxonomy":"post_tag","embeddable":true,"href":"https:\/\/centralmedia.rs\/index.php\/wp-json\/wp\/v2\/tags?post=8439"}],"curies":[{"name":"wp","href":"https:\/\/api.w.org\/{rel}","templated":true}]}}