{"id":8454,"date":"2017-06-29T09:25:40","date_gmt":"2017-06-29T09:25:40","guid":{"rendered":"http:\/\/centralmedia.rs\/?p=8454"},"modified":"2017-06-29T09:25:58","modified_gmt":"2017-06-29T09:25:58","slug":"markovicana-brnabic-prvi-premijer-posle-djindjica-skolovan-u-svetu","status":"publish","type":"post","link":"https:\/\/centralmedia.rs\/index.php\/2017\/06\/29\/markovicana-brnabic-prvi-premijer-posle-djindjica-skolovan-u-svetu\/","title":{"rendered":"MARKOVI\u0106 : ANA BRNABI\u0106 PRVI PREMIJER, POSLE \u0110IN\u0110I\u0106A, \u0160KOLOVAN U SVETU"},"content":{"rendered":"<p>\u0106UPRIJA-Istori\u010dar i potpredsednik SPS Predrag Markovi\u0107 izjavio je u \u0106upriji, posle tribine posve\u0107ene stradanjima Srpskog naroda za slobodu u Muzeju Horeum Margi &#8211; Ravno, da \u0107e Ana Brnabi\u0107 biti prvi premijer, posle \u0110in\u0111i\u0107a, koji je \u0161kolovan u svetu u novije vreme, kao i da najava uvo\u0111enja meritokratije odli\u010dna stvar.<\/p>\n<p>-Ona je zanimljiva promena, kulturolo\u0161ki zaokret, nadamo se svi da \u0107e to pokazati svoje dobre strane. Vlada bi mogla da bude potpuno ekspertska i da niko ne bude politi\u010dar od ministara, \u0161to nije realno, ali i od me\u0161avine ekspertsko-politi\u010dke mo\u017eda ispadne ne\u0161to dobro, rekao je on.<\/p>\n<p>Markovi\u0107a je zaintrigirala najava mandatarke o stalnom usavr\u0161avanju i obrazovanju dr\u017eavne administracije.<\/p>\n<p>-Ono \u0161to najvi\u0161e obe\u0107ava, ako je zaista \u010dvrsto opredeljnje, je da se administarcija na najvi\u0161im niovima podvrgne stalno obrazvanju i usavr\u0161avanju. To bi bila odli\u010dna promena. Da se dr\u017eavni funkcioneri podvrgnu nekoj vrsti dodatne obuke. To je velika stvar, da kona\u010dno uvedemo meritokratiju, odnosno da postoji veza izme\u0111u da postoji veza izme\u0111u zasluga, usavr\u0161avanja i politi\u010dkog polo\u017eaja, dodao je on.<\/p>\n<p>Markovi\u0107 je istakao da je deda po ocu Ane Brnabi\u0107 Hrvat i da u Srbiji ,,ne mo\u017eemo da za da zamislimo da u Hrvatskoj bude obrnut slu\u010daj\u201d.<\/p>\n<p>-Mo\u017eemo da budemo zadovoljni \u0161to smo mi dr\u017eava gra\u0111ana, \u0161to se kod nas ne gleda krvna slika ljudima kada postaju visoki funkcioneri, zaklju\u010dio je Markovi\u0107.<\/p>\n<p>On je ocenio da je sada\u0161nji ustav bio prozvod trenutnih politi\u010dkih kompromisa, te da bi najvi\u0161i dokument trebalo da bude iznad dnevne politike.<\/p>\n<p>-Novi ustav mora da bude realan, da odredi osnovne principe dr\u017eave i da bude ozbiljno napisan. Mi imamo ustavne improvizacije u proteklih 30 godina, koje su usledile posle najdu\u017eeg ustava iz 1974. godine koji je bio nefunkcionalan. Re\u0161enjem ustavnog pitanja bi morala da se stvori dr\u017eavna stabilnost. Amerikanci su\u0161tinski nisu promenili ustav iz 18 veka. Bio bi red da stvorimo trajniji ustav, a ne da menjamo svakih nekoliko godine. Potrebna je stabilnost i trajnost u svakom pogledu, a pogotovu u pogledu osnovnih dr\u017eavnih dokumenta, ka\u017ee Markovi\u0107.<\/p>\n<p>&nbsp;<\/p>\n","protected":false},"excerpt":{"rendered":"<p>\u0106UPRIJA-Istori\u010dar i potpredsednik SPS Predrag Markovi\u0107 izjavio je u \u0106upriji, posle tribine posve\u0107ene stradanjima Srpskog naroda za slobodu u Muzeju Horeum Margi &#8211; Ravno, da &hellip; <\/p>\n","protected":false},"author":4,"featured_media":8455,"comment_status":"open","ping_status":"open","sticky":false,"template":"","format":"standard","meta":{"footnotes":""},"categories":[1515,1524,2,13,887,12],"tags":[44,1898,343],"_links":{"self":[{"href":"https:\/\/centralmedia.rs\/index.php\/wp-json\/wp\/v2\/posts\/8454"}],"collection":[{"href":"https:\/\/centralmedia.rs\/index.php\/wp-json\/wp\/v2\/posts"}],"about":[{"href":"https:\/\/centralmedia.rs\/index.php\/wp-json\/wp\/v2\/types\/post"}],"author":[{"embeddable":true,"href":"https:\/\/centralmedia.rs\/index.php\/wp-json\/wp\/v2\/users\/4"}],"replies":[{"embeddable":true,"href":"https:\/\/centralmedia.rs\/index.php\/wp-json\/wp\/v2\/comments?post=8454"}],"version-history":[{"count":0,"href":"https:\/\/centralmedia.rs\/index.php\/wp-json\/wp\/v2\/posts\/8454\/revisions"}],"wp:featuredmedia":[{"embeddable":true,"href":"https:\/\/centralmedia.rs\/index.php\/wp-json\/wp\/v2\/media\/8455"}],"wp:attachment":[{"href":"https:\/\/centralmedia.rs\/index.php\/wp-json\/wp\/v2\/media?parent=8454"}],"wp:term":[{"taxonomy":"category","embeddable":true,"href":"https:\/\/centralmedia.rs\/index.php\/wp-json\/wp\/v2\/categories?post=8454"},{"taxonomy":"post_tag","embeddable":true,"href":"https:\/\/centralmedia.rs\/index.php\/wp-json\/wp\/v2\/tags?post=8454"}],"curies":[{"name":"wp","href":"https:\/\/api.w.org\/{rel}","templated":true}]}}