{"id":8458,"date":"2017-06-29T15:33:57","date_gmt":"2017-06-29T15:33:57","guid":{"rendered":"http:\/\/centralmedia.rs\/?p=8458"},"modified":"2017-06-29T15:33:57","modified_gmt":"2017-06-29T15:33:57","slug":"kiki-lesendric-piloti-u-svilajncu","status":"publish","type":"post","link":"https:\/\/centralmedia.rs\/index.php\/2017\/06\/29\/kiki-lesendric-piloti-u-svilajncu\/","title":{"rendered":"KIKI LESENDRI\u0106 I &#8220;PILOTI&#8221; U SVILAJNCU"},"content":{"rendered":"<p>SVILAJNAC-Povodom Dana op\u0161tine Svilajnac u petak \u0107e na Trgu Stevana Sin\u0111eli\u0107a u 21 sat biti odr\u017ean koncert grupe &#8220;PILOTI&#8221;. Organizator koncerta je Centar za kulturu, a pokrovitelj op\u0161tina Svilajnac.<\/p>\n","protected":false},"excerpt":{"rendered":"<p>SVILAJNAC-Povodom Dana op\u0161tine Svilajnac u petak \u0107e na Trgu Stevana Sin\u0111eli\u0107a u 21 sat biti odr\u017ean koncert grupe &#8220;PILOTI&#8221;. Organizator koncerta je Centar za kulturu, &hellip; <\/p>\n","protected":false},"author":4,"featured_media":8459,"comment_status":"open","ping_status":"open","sticky":false,"template":"","format":"standard","meta":{"footnotes":""},"categories":[1524,2,887,12,1517],"tags":[2074,1019,38],"_links":{"self":[{"href":"https:\/\/centralmedia.rs\/index.php\/wp-json\/wp\/v2\/posts\/8458"}],"collection":[{"href":"https:\/\/centralmedia.rs\/index.php\/wp-json\/wp\/v2\/posts"}],"about":[{"href":"https:\/\/centralmedia.rs\/index.php\/wp-json\/wp\/v2\/types\/post"}],"author":[{"embeddable":true,"href":"https:\/\/centralmedia.rs\/index.php\/wp-json\/wp\/v2\/users\/4"}],"replies":[{"embeddable":true,"href":"https:\/\/centralmedia.rs\/index.php\/wp-json\/wp\/v2\/comments?post=8458"}],"version-history":[{"count":0,"href":"https:\/\/centralmedia.rs\/index.php\/wp-json\/wp\/v2\/posts\/8458\/revisions"}],"wp:featuredmedia":[{"embeddable":true,"href":"https:\/\/centralmedia.rs\/index.php\/wp-json\/wp\/v2\/media\/8459"}],"wp:attachment":[{"href":"https:\/\/centralmedia.rs\/index.php\/wp-json\/wp\/v2\/media?parent=8458"}],"wp:term":[{"taxonomy":"category","embeddable":true,"href":"https:\/\/centralmedia.rs\/index.php\/wp-json\/wp\/v2\/categories?post=8458"},{"taxonomy":"post_tag","embeddable":true,"href":"https:\/\/centralmedia.rs\/index.php\/wp-json\/wp\/v2\/tags?post=8458"}],"curies":[{"name":"wp","href":"https:\/\/api.w.org\/{rel}","templated":true}]}}