{"id":8464,"date":"2017-06-29T15:39:21","date_gmt":"2017-06-29T15:39:21","guid":{"rendered":"http:\/\/centralmedia.rs\/?p=8464"},"modified":"2017-06-29T15:39:21","modified_gmt":"2017-06-29T15:39:21","slug":"jagodinski-biciklisti-u-akciji-budi-brza-od-kancera-2","status":"publish","type":"post","link":"https:\/\/centralmedia.rs\/index.php\/2017\/06\/29\/jagodinski-biciklisti-u-akciji-budi-brza-od-kancera-2\/","title":{"rendered":"JAGODINSKI BICIKLISTI U AKCIJI &#8211; ,,BUDI BR\u017dA OD KANCERA\u201c"},"content":{"rendered":"<p>JAGODINA-Drugu godinu zaredom &#8220;Jagodinski Biciklisti&#8221; realizuju \u00a0akciju &#8220;Budi br\u017ea od kancera&#8221; prevaljuju\u0107i put dug 600 kilometara.<\/p>\n<div id='gallery-1' class='gallery galleryid-8464 gallery-columns-2 gallery-size-full'><figure class='gallery-item'>\n\t\t\t<div class='gallery-icon landscape'>\n\t\t\t\t<a href='https:\/\/centralmedia.rs\/index.php\/2017\/06\/29\/jagodinski-biciklisti-u-akciji-budi-brza-od-kancera-2\/biciklisti-1\/'><img loading=\"lazy\" decoding=\"async\" width=\"960\" height=\"720\" src=\"https:\/\/centralmedia.rs\/wp-content\/uploads\/2017\/06\/biciklisti-1.jpg\" class=\"attachment-full size-full\" alt=\"\" srcset=\"https:\/\/centralmedia.rs\/wp-content\/uploads\/2017\/06\/biciklisti-1.jpg 960w, https:\/\/centralmedia.rs\/wp-content\/uploads\/2017\/06\/biciklisti-1-300x225.jpg 300w, https:\/\/centralmedia.rs\/wp-content\/uploads\/2017\/06\/biciklisti-1-768x576.jpg 768w, https:\/\/centralmedia.rs\/wp-content\/uploads\/2017\/06\/biciklisti-1-80x60.jpg 80w, https:\/\/centralmedia.rs\/wp-content\/uploads\/2017\/06\/biciklisti-1-265x198.jpg 265w\" sizes=\"(max-width: 960px) 100vw, 960px\" \/><\/a>\n\t\t\t<\/div><\/figure><figure class='gallery-item'>\n\t\t\t<div class='gallery-icon landscape'>\n\t\t\t\t<a href='https:\/\/centralmedia.rs\/index.php\/2017\/06\/29\/jagodinski-biciklisti-u-akciji-budi-brza-od-kancera-2\/biciklisti-2-2\/'><img loading=\"lazy\" decoding=\"async\" width=\"960\" height=\"720\" src=\"https:\/\/centralmedia.rs\/wp-content\/uploads\/2017\/06\/biciklisti-2.jpg\" class=\"attachment-full size-full\" alt=\"\" srcset=\"https:\/\/centralmedia.rs\/wp-content\/uploads\/2017\/06\/biciklisti-2.jpg 960w, https:\/\/centralmedia.rs\/wp-content\/uploads\/2017\/06\/biciklisti-2-300x225.jpg 300w, https:\/\/centralmedia.rs\/wp-content\/uploads\/2017\/06\/biciklisti-2-768x576.jpg 768w, https:\/\/centralmedia.rs\/wp-content\/uploads\/2017\/06\/biciklisti-2-80x60.jpg 80w, https:\/\/centralmedia.rs\/wp-content\/uploads\/2017\/06\/biciklisti-2-265x198.jpg 265w\" sizes=\"(max-width: 960px) 100vw, 960px\" \/><\/a>\n\t\t\t<\/div><\/figure>\n\t\t<\/div>\n\n<p>Re\u010d je o evropskoj akciji ,,Vo\u017enja za \u017eene\u201d \u010diji je cilj da se skrene pa\u017enja javnosti na problema kancera genitalnih organa \u017eena i da podseti na va\u017enost redovnih preventivnih pregleda. Jagodinski biciklisti-rekreativci svoju devetodnevnu vo\u017enju zapo\u010deli su 24. juna i u planu je obilazak deset gradova u isto\u010dnoj i ju\u017enoj \u00a0Srbiji.<\/p>\n","protected":false},"excerpt":{"rendered":"<p>JAGODINA-Drugu godinu zaredom &#8220;Jagodinski Biciklisti&#8221; realizuju \u00a0akciju &#8220;Budi br\u017ea od kancera&#8221; prevaljuju\u0107i put dug 600 kilometara. Re\u010d je o evropskoj akciji ,,Vo\u017enja za \u017eene\u201d \u010diji &hellip; <\/p>\n","protected":false},"author":4,"featured_media":8465,"comment_status":"open","ping_status":"open","sticky":false,"template":"","format":"standard","meta":{"footnotes":""},"categories":[1524,2,1514,21],"tags":[904,884],"_links":{"self":[{"href":"https:\/\/centralmedia.rs\/index.php\/wp-json\/wp\/v2\/posts\/8464"}],"collection":[{"href":"https:\/\/centralmedia.rs\/index.php\/wp-json\/wp\/v2\/posts"}],"about":[{"href":"https:\/\/centralmedia.rs\/index.php\/wp-json\/wp\/v2\/types\/post"}],"author":[{"embeddable":true,"href":"https:\/\/centralmedia.rs\/index.php\/wp-json\/wp\/v2\/users\/4"}],"replies":[{"embeddable":true,"href":"https:\/\/centralmedia.rs\/index.php\/wp-json\/wp\/v2\/comments?post=8464"}],"version-history":[{"count":0,"href":"https:\/\/centralmedia.rs\/index.php\/wp-json\/wp\/v2\/posts\/8464\/revisions"}],"wp:featuredmedia":[{"embeddable":true,"href":"https:\/\/centralmedia.rs\/index.php\/wp-json\/wp\/v2\/media\/8465"}],"wp:attachment":[{"href":"https:\/\/centralmedia.rs\/index.php\/wp-json\/wp\/v2\/media?parent=8464"}],"wp:term":[{"taxonomy":"category","embeddable":true,"href":"https:\/\/centralmedia.rs\/index.php\/wp-json\/wp\/v2\/categories?post=8464"},{"taxonomy":"post_tag","embeddable":true,"href":"https:\/\/centralmedia.rs\/index.php\/wp-json\/wp\/v2\/tags?post=8464"}],"curies":[{"name":"wp","href":"https:\/\/api.w.org\/{rel}","templated":true}]}}