{"id":8469,"date":"2017-06-30T08:50:13","date_gmt":"2017-06-30T08:50:13","guid":{"rendered":"http:\/\/centralmedia.rs\/?p=8469"},"modified":"2017-06-30T08:52:15","modified_gmt":"2017-06-30T08:52:15","slug":"dan-opstine-svilajnac-priznanje-za-humanost-gradjanima-svilajnca","status":"publish","type":"post","link":"https:\/\/centralmedia.rs\/index.php\/2017\/06\/30\/dan-opstine-svilajnac-priznanje-za-humanost-gradjanima-svilajnca\/","title":{"rendered":"DAN OP\u0160TINE SVILAJNAC &#8211; PRIZNANJE ZA HUMANOST GRA\u0110ANIMA SVILAJNCA"},"content":{"rendered":"<p>SVILAJNAC-Na sve\u010danoj akademiji povodom Dana op\u0161tine Svilajnac gra\u0111anima tog grada dodeljeno je Specijalno priznanje za pokazanu humanost i solidarnost prilikom prikupljanja pomo\u0107i za le\u010denje dvogodi\u0161njeg Du\u0161ana Todorovi\u0107a iz Ku\u0161iljeva.<\/p>\n<figure id=\"attachment_8475\" aria-describedby=\"caption-attachment-8475\" style=\"width: 300px\" class=\"wp-caption alignright\"><a href=\"https:\/\/centralmedia.rs\/wp-content\/uploads\/2017\/06\/zahvalnica-svilajncanima-1.jpg\"><img loading=\"lazy\" decoding=\"async\" class=\"size-medium wp-image-8475\" src=\"https:\/\/centralmedia.rs\/wp-content\/uploads\/2017\/06\/zahvalnica-svilajncanima-1-300x226.jpg\" alt=\"\" width=\"300\" height=\"226\" srcset=\"https:\/\/centralmedia.rs\/wp-content\/uploads\/2017\/06\/zahvalnica-svilajncanima-1-300x226.jpg 300w, https:\/\/centralmedia.rs\/wp-content\/uploads\/2017\/06\/zahvalnica-svilajncanima-1-768x579.jpg 768w, https:\/\/centralmedia.rs\/wp-content\/uploads\/2017\/06\/zahvalnica-svilajncanima-1-80x60.jpg 80w, https:\/\/centralmedia.rs\/wp-content\/uploads\/2017\/06\/zahvalnica-svilajncanima-1.jpg 900w\" sizes=\"(max-width: 300px) 100vw, 300px\" \/><\/a><figcaption id=\"caption-attachment-8475\" class=\"wp-caption-text\">Priznanje Svilajn\u010danima<\/figcaption><\/figure>\n<p>On je po\u010detkom godine oboleo od najte\u017eeg oblika malignog oboljenje kod dece &#8211; neuroblastoma, a na te\u0161ku vest reagovali su svi Svilajn\u010dani prikupljaju\u0107i pomo\u0107 za le\u010denje. Du\u0161an je uspe\u0161no pregurao te\u0161ku hiru\u0161ku intervenciju u SAD i trenutno je zavr\u0161noj fazi transplantacije ko\u0161tane sr\u017ei. Pro\u0161le nedelje proslavio je tre\u0107i ro\u0111endan u Institutu za majku i dete u Beogradu. Pored Svilajn\u010dana, najvi\u0161e priznanje te op\u0161tine Plaketa je dodeljena Be\u010du, glavnom gradu Austrije, i JP Srbijavode, dok su zahvalnice uru\u010dene Savetniku direktora Kancelarije za upravljanje javnim ulaganjima \u0110or\u0111u Vukovi\u0107u, \u017eupanu Radovljice u Sloveniji Cirilu Globo\u010dniku, Zoranu Radosavljevi\u0107u direktoru Poljoprivredno-veterinarske \u0161kole i Milanu Rajkovi\u0107u koji se bavi intenzivnom poljoprivrednom i osvaja\u010du zna\u010dajnih sajamskih priznanja.<\/p>\n<figure id=\"attachment_8472\" aria-describedby=\"caption-attachment-8472\" style=\"width: 300px\" class=\"wp-caption alignright\"><a href=\"https:\/\/centralmedia.rs\/wp-content\/uploads\/2017\/06\/akademija-3.jpg\"><img loading=\"lazy\" decoding=\"async\" class=\"size-medium wp-image-8472\" src=\"https:\/\/centralmedia.rs\/wp-content\/uploads\/2017\/06\/akademija-3-300x158.jpg\" alt=\"\" width=\"300\" height=\"158\" srcset=\"https:\/\/centralmedia.rs\/wp-content\/uploads\/2017\/06\/akademija-3-300x158.jpg 300w, https:\/\/centralmedia.rs\/wp-content\/uploads\/2017\/06\/akademija-3-768x404.jpg 768w, https:\/\/centralmedia.rs\/wp-content\/uploads\/2017\/06\/akademija-3.jpg 900w\" sizes=\"(max-width: 300px) 100vw, 300px\" \/><\/a><figcaption id=\"caption-attachment-8472\" class=\"wp-caption-text\">Sve\u010dana akademija<\/figcaption><\/figure>\n<p>-Ova priznanja su potvrda onoga \u0161to smo u predhodnom periodu uradili za Svilajnac i Svilajn\u010dane, te predstavljaju obavezu da u narednom periodu nastavimo da radimo kako bi \u017eivot bio bezbedniji, bolji i kvalitetniji. Svilajnac je jedna od najte\u017ee stradalih op\u0161tina u 2014. godini, uspe\u0161no je zavr\u0161ena faza obnove, a odmah je usledilo planiranje kapitalnih radova na za\u0161titi od plavnih voda. Uskoro po\u010dinje prva faza radova na za\u0161titi od velikih voda, zatim dolazi i druga faza. Uporedo radimo na razvoju novog sistema za\u00a0 navodnjavanje na povr\u0161ini od 3.000 hektara, rekao je direktor JP Srbijavode Goran Puzovi\u0107.<\/p>\n<figure id=\"attachment_8471\" aria-describedby=\"caption-attachment-8471\" style=\"width: 300px\" class=\"wp-caption alignright\"><a href=\"https:\/\/centralmedia.rs\/wp-content\/uploads\/2017\/06\/alena.jpg\"><img loading=\"lazy\" decoding=\"async\" class=\"size-medium wp-image-8471\" src=\"https:\/\/centralmedia.rs\/wp-content\/uploads\/2017\/06\/alena-300x225.jpg\" alt=\"\" width=\"300\" height=\"225\" srcset=\"https:\/\/centralmedia.rs\/wp-content\/uploads\/2017\/06\/alena-300x225.jpg 300w, https:\/\/centralmedia.rs\/wp-content\/uploads\/2017\/06\/alena-768x576.jpg 768w, https:\/\/centralmedia.rs\/wp-content\/uploads\/2017\/06\/alena-80x60.jpg 80w, https:\/\/centralmedia.rs\/wp-content\/uploads\/2017\/06\/alena-265x198.jpg 265w, https:\/\/centralmedia.rs\/wp-content\/uploads\/2017\/06\/alena.jpg 900w\" sizes=\"(max-width: 300px) 100vw, 300px\" \/><\/a><figcaption id=\"caption-attachment-8471\" class=\"wp-caption-text\">Alena Sirka Bred<\/figcaption><\/figure>\n<p>Alena Sirka Bred, savetnica u Odeljenu za Evropu i me\u0111unarodne poslove u\u00a0 Be\u010du u ime gradona\u010delnika Mihajla Hojpla primila je svilajna\u010dku Plaketu.<\/p>\n<p>-Be\u010d pridaje veliku va\u017enost u odnosima sa gradovima i op\u0161tinama u Srbiji. Imamo bliske kontakte u svakom pogledu, oko 200 hiljada Srba \u017eivi u Austriji, a 110 hiljada je u Be\u010du.Oni formiraju bitnu vezu izme\u0111u na\u0161ih dr\u017eava i doprinose kvalitetu tih veza. Kada je ovaj region bio pogo\u0111en katastrofalnom poplavom, Be\u010d je bio posve\u0107en pomo\u0107i Svilajncu. Veoma nam je drago da vidimo da koristite komunalne i vatrogasne kamione, name\u0161taj u vrti\u0107u, kazala je ona.<\/p>\n<p>Predsednik op\u0161tine Svilajnac Predrag Milanovi\u0107\u00a0zahvalio se svima na pomo\u0107i i saop\u0161tioda ta op\u0161tina svake godine pravi sve bolje rezultate.<\/p>\n<figure id=\"attachment_8473\" aria-describedby=\"caption-attachment-8473\" style=\"width: 300px\" class=\"wp-caption alignright\"><a href=\"https:\/\/centralmedia.rs\/wp-content\/uploads\/2017\/06\/predrag-milanovic.jpg\"><img loading=\"lazy\" decoding=\"async\" class=\"size-medium wp-image-8473\" src=\"https:\/\/centralmedia.rs\/wp-content\/uploads\/2017\/06\/predrag-milanovic-300x203.jpg\" alt=\"\" width=\"300\" height=\"203\" srcset=\"https:\/\/centralmedia.rs\/wp-content\/uploads\/2017\/06\/predrag-milanovic-300x203.jpg 300w, https:\/\/centralmedia.rs\/wp-content\/uploads\/2017\/06\/predrag-milanovic-768x521.jpg 768w, https:\/\/centralmedia.rs\/wp-content\/uploads\/2017\/06\/predrag-milanovic.jpg 900w\" sizes=\"(max-width: 300px) 100vw, 300px\" \/><\/a><figcaption id=\"caption-attachment-8473\" class=\"wp-caption-text\">Predrag Milanovi\u0107<\/figcaption><\/figure>\n<p>-Ponosni smo na saradnju sa Vladom Srbije \u010diji je rezultat investicija od preko milijardu dinara ove godine. \u017delimo da u\u010dimo od najboljhi i na\u0161i uzori su Slovenija i Austrija, jer \u017eelimo da budemo kao razvijen svet. \u017delimo da zdravstvo, \u0161kolstvo, infrastruktura budu kao u razvijenom svetu. Posebno smo ponosni na privredu koja bele\u017ei najve\u0107i izvozni suficit u regionu. O\u010dekujemo re\u0161enje za fabriku PORR i novu investiciju koja \u0107e uposliti 200 radnika. Poljoprivrednici sa poljioprivrednom \u0161kolom posti\u017eu izuzetne rezultate i dobitnici su sajamskih priznanja, rekao je Milanovi\u0107 i najavio da \u0107e u toku naredne godine biti zavre\u0161ena regulacija reke Resave, zatim plan za rekonstrukciju osnovne \u0161kole koju poha\u0111a 1.650 u\u010denika, re\u0161enje problema prostora za Policijsku stanicu, kao i izgradnju sistema za navodnjavanje na 3.100 hektara.<\/p>\n<div id='gallery-1' class='gallery galleryid-8469 gallery-columns-2 gallery-size-thumbnail'><figure class='gallery-item'>\n\t\t\t<div class='gallery-icon landscape'>\n\t\t\t\t<a href='https:\/\/centralmedia.rs\/index.php\/2017\/06\/30\/dan-opstine-svilajnac-priznanje-za-humanost-gradjanima-svilajnca\/milica-lazarevic\/'><img loading=\"lazy\" decoding=\"async\" width=\"150\" height=\"150\" src=\"https:\/\/centralmedia.rs\/wp-content\/uploads\/2017\/06\/milica-lazarevic-150x150.jpg\" class=\"attachment-thumbnail size-thumbnail\" alt=\"\" aria-describedby=\"gallery-1-8476\" \/><\/a>\n\t\t\t<\/div>\n\t\t\t\t<figcaption class='wp-caption-text gallery-caption' id='gallery-1-8476'>\n\t\t\t\tMilica Lazarevi\u0107\n\t\t\t\t<\/figcaption><\/figure><figure class='gallery-item'>\n\t\t\t<div class='gallery-icon landscape'>\n\t\t\t\t<a href='https:\/\/centralmedia.rs\/index.php\/2017\/06\/30\/dan-opstine-svilajnac-priznanje-za-humanost-gradjanima-svilajnca\/djaci\/'><img loading=\"lazy\" decoding=\"async\" width=\"150\" height=\"150\" src=\"https:\/\/centralmedia.rs\/wp-content\/uploads\/2017\/06\/djaci-150x150.jpg\" class=\"attachment-thumbnail size-thumbnail\" alt=\"\" aria-describedby=\"gallery-1-8474\" \/><\/a>\n\t\t\t<\/div>\n\t\t\t\t<figcaption class='wp-caption-text gallery-caption' id='gallery-1-8474'>\n\t\t\t\tNagra\u0111eni u\u010denici\n\t\t\t\t<\/figcaption><\/figure>\n\t\t<\/div>\n\n<p>\u0110aci generacije nagra\u0111eni su 30 hijada dinara, a oni koji su osvojili jedno od prva tri mesta na nacionalnim predmetnim takmi\u010denjima po 10 hiljada dinara.\u00a0Najbolji student Poljoprivrednog fakulteta u Zemunu Milica Lazarevi\u0107 iz Kloka kod Topole sa prose\u010dnom ocenom 10, koja je je ranije progla\u0161ena u\u010denikom generacije Poljoprivredno-veterinarske \u0161kole u Svilajncu odr\u017eala je besedu o srpskom selu. Nju je preduze\u0107e Jugometal nagradilo sa 30 hiljada dinara.<\/p>\n","protected":false},"excerpt":{"rendered":"<p>SVILAJNAC-Na sve\u010danoj akademiji povodom Dana op\u0161tine Svilajnac gra\u0111anima tog grada dodeljeno je Specijalno priznanje za pokazanu humanost i solidarnost prilikom prikupljanja pomo\u0107i za le\u010denje dvogodi\u0161njeg &hellip; <\/p>\n","protected":false},"author":4,"featured_media":8470,"comment_status":"open","ping_status":"open","sticky":false,"template":"","format":"standard","meta":{"footnotes":""},"categories":[14,1524,2,887,12,1517],"tags":[209,2041,59,2076,563],"_links":{"self":[{"href":"https:\/\/centralmedia.rs\/index.php\/wp-json\/wp\/v2\/posts\/8469"}],"collection":[{"href":"https:\/\/centralmedia.rs\/index.php\/wp-json\/wp\/v2\/posts"}],"about":[{"href":"https:\/\/centralmedia.rs\/index.php\/wp-json\/wp\/v2\/types\/post"}],"author":[{"embeddable":true,"href":"https:\/\/centralmedia.rs\/index.php\/wp-json\/wp\/v2\/users\/4"}],"replies":[{"embeddable":true,"href":"https:\/\/centralmedia.rs\/index.php\/wp-json\/wp\/v2\/comments?post=8469"}],"version-history":[{"count":0,"href":"https:\/\/centralmedia.rs\/index.php\/wp-json\/wp\/v2\/posts\/8469\/revisions"}],"wp:featuredmedia":[{"embeddable":true,"href":"https:\/\/centralmedia.rs\/index.php\/wp-json\/wp\/v2\/media\/8470"}],"wp:attachment":[{"href":"https:\/\/centralmedia.rs\/index.php\/wp-json\/wp\/v2\/media?parent=8469"}],"wp:term":[{"taxonomy":"category","embeddable":true,"href":"https:\/\/centralmedia.rs\/index.php\/wp-json\/wp\/v2\/categories?post=8469"},{"taxonomy":"post_tag","embeddable":true,"href":"https:\/\/centralmedia.rs\/index.php\/wp-json\/wp\/v2\/tags?post=8469"}],"curies":[{"name":"wp","href":"https:\/\/api.w.org\/{rel}","templated":true}]}}