{"id":8482,"date":"2017-06-30T19:03:43","date_gmt":"2017-06-30T19:03:43","guid":{"rendered":"http:\/\/centralmedia.rs\/?p=8482"},"modified":"2017-06-30T19:03:43","modified_gmt":"2017-06-30T19:03:43","slug":"kosovski-zavet-u-jagodini","status":"publish","type":"post","link":"https:\/\/centralmedia.rs\/index.php\/2017\/06\/30\/kosovski-zavet-u-jagodini\/","title":{"rendered":"Kosovski zavet u Jagodini"},"content":{"rendered":"<p><em>\u201cNeka bude \u0161to biti ne mo\u017ee,<\/em><\/p>\n<p><em>Neka bude borba neprestana\u201c<\/em><\/p>\n<p>&nbsp;<\/p>\n<p>U ovim stihovima pesnika i vladike Petra\u00a0II\u00a0Petrovi\u0107a Njego\u0161a, nobelovac Ivo Andri\u0107 video je potpuni izraz na\u0161eg osnovnog i najdubljeg kolektivnog se\u0107anja, potpuni izraz na\u0161eg najva\u017enijeg predanja i zaveta, kosovskog zaveta. Kosovski zavet me\u0111u Srbima \u017eivi jo\u0161 od srednjeg veka, od slavnog boja na Kosovom polju. Da je \u017eiv i danas, dokazano je i sino\u0107 na tribini koja se odr\u017eala u Jagodini, a na kojoj je govorio prof. dr. Milo\u0161 Kovi\u0107.\u00a0\u00a0<a href=\"https:\/\/centralmedia.rs\/wp-content\/uploads\/2017\/06\/1.jpg\"><img loading=\"lazy\" decoding=\"async\" class=\"aligncenter size-full wp-image-8484\" src=\"https:\/\/centralmedia.rs\/wp-content\/uploads\/2017\/06\/1.jpg\" alt=\"\" width=\"1600\" height=\"1066\" srcset=\"https:\/\/centralmedia.rs\/wp-content\/uploads\/2017\/06\/1.jpg 1600w, https:\/\/centralmedia.rs\/wp-content\/uploads\/2017\/06\/1-300x200.jpg 300w, https:\/\/centralmedia.rs\/wp-content\/uploads\/2017\/06\/1-768x512.jpg 768w, https:\/\/centralmedia.rs\/wp-content\/uploads\/2017\/06\/1-1024x682.jpg 1024w\" sizes=\"(max-width: 1600px) 100vw, 1600px\" \/><\/a><\/p>\n<p>Profesor Kovi\u0107, istori\u010dar i profesor Filozofskog fakulteta u Beogradu je jedan od onih Srba, koji poput velikana iz na\u0161e pro\u0161losti nosi u srcu kosovski zavet nasle\u0111en od predaka. U to smo se uverili sino\u0107 u Jagodini. Profesor Kovi\u0107 je odr\u017eao tribinu koja je nosila naziv \u201eKosovski zavet\u201c pred prepunom salom u jagodinskoj gimnaziji. Vi\u0161e od stotinu prisutnih netremice je pratilo izlaganje ovog vrsnog istori\u010dara. Pre tribine profesora Kovi\u0107a sa\u010dekali su novinari a nakon tribine niz pitanja publike.<\/p>\n<p>Milo\u0161 Kovi\u0107 je istakao da je kosovski zavet, predanje koje je uobli\u010dilo na\u0161u naciju, da je to predanje zaslu\u017eno jer smo se odr\u017eali kao narod kroz vekove tu\u0111inske vlasti. Tako\u0111e je istakao da je kosovski zavet dubinski povezan sa verom i da jedino kroz veru ima pravi zna\u010daj. Profesor Kovi\u0107 je rekao da je kosovski zavet, uz kultove na\u0161ih svetih vladara iz roda Nemanji\u0107a i kult Sv. Save, osnovni supstrat srpstva. Da je to ono \u0161to je Srbe odvajalo od susednih, njima srodnih slovenskih naroda. Kovi\u0107 je govorio o tome kako je kosovski zavet pre\u017eiveo vekove, uz pri\u010de predaka, epske guslarske pesme i sabornost oko pravoslavne crkve. Govorio je i o na\u0161im velikanima koji su na sebi svojstven na\u010din promovisali kosovsko predanje: Vuku Karad\u017ei\u0107u, Njego\u0161u, Milanu Raki\u0107u, vladici Nikolaju Velimirovi\u0107u i Ivu Andri\u0107u. Ali i o onima koji nisu bili Srbi ali su kosovski zavet videli kao ne\u0161to su\u0161tinski zna\u010dajno: Mavru Orbiniju, Jerneju Kopitaru, Geteu i bra\u0107i Grim, kao i o nizu poznatih svetskih istori\u010dara.<\/p>\n<p>Kovi\u0107 je govorio i o va\u017enosti o\u010duvanja kosovskog predanja me\u0111u nama, danas \u017eivu\u0107im Srbima. Napomenuo je i to da je kosovski zavet imao svoje uspone i padove tokom istorije ali da nije nestao. Da je nestao, nestalo bi i nas. Istakao je va\u017enost toga da znamo na\u0161e osnovno predanje, na\u0161 zavet, jer to je ono \u0161to nas \u010dini Srbima i odvaja od drugih ali ujedno i spaja sa ostalim evropskim i svetskim narodima koji sebe smatraju zavetnim narodima \u2013 Jevrejima, Jermenima, Etiopljanima i Englezima, kao i sa drugim narodima koji sebe smatraju izabranicima Bo\u017eijim. Kovi\u0107 se dotakao i teme o zna\u010daju Vidovdana kroz na\u0161u istoriju. Na kraju, profesor Kovi\u0107 je istakao kako smatra da je kosovski zavet itekako \u017eiv me\u0111u nama, a taj zaklju\u010dak, ka\u017ee, doneo je na osnovu toga jer je u publici bilo puno mladih ljudi zainteresovanih za ovu temu.<br \/>\nOrganizatori tribine bili su Srpska pravoslavna crkvena op\u0161tina jagodinska i<br \/>\nSrpska omladinska kulturna organizacija\u00a0\u201eSOKO\u201c.<\/p>\n<p>&nbsp;<\/p>\n<p>Autor: Mario Jegdi\u0107, stare\u0161ina &#8220;SOKO&#8221; organizacije<\/p>\n<p>&nbsp;<\/p>\n","protected":false},"excerpt":{"rendered":"<p>\u201cNeka bude \u0161to biti ne mo\u017ee, Neka bude borba neprestana\u201c &nbsp; U ovim stihovima pesnika i vladike Petra\u00a0II\u00a0Petrovi\u0107a Njego\u0161a, nobelovac Ivo Andri\u0107 video je potpuni &hellip; <\/p>\n","protected":false},"author":4,"featured_media":8483,"comment_status":"open","ping_status":"open","sticky":false,"template":"","format":"standard","meta":{"footnotes":""},"categories":[14,1524,2,1514,12],"tags":[2078,2079,894],"_links":{"self":[{"href":"https:\/\/centralmedia.rs\/index.php\/wp-json\/wp\/v2\/posts\/8482"}],"collection":[{"href":"https:\/\/centralmedia.rs\/index.php\/wp-json\/wp\/v2\/posts"}],"about":[{"href":"https:\/\/centralmedia.rs\/index.php\/wp-json\/wp\/v2\/types\/post"}],"author":[{"embeddable":true,"href":"https:\/\/centralmedia.rs\/index.php\/wp-json\/wp\/v2\/users\/4"}],"replies":[{"embeddable":true,"href":"https:\/\/centralmedia.rs\/index.php\/wp-json\/wp\/v2\/comments?post=8482"}],"version-history":[{"count":0,"href":"https:\/\/centralmedia.rs\/index.php\/wp-json\/wp\/v2\/posts\/8482\/revisions"}],"wp:featuredmedia":[{"embeddable":true,"href":"https:\/\/centralmedia.rs\/index.php\/wp-json\/wp\/v2\/media\/8483"}],"wp:attachment":[{"href":"https:\/\/centralmedia.rs\/index.php\/wp-json\/wp\/v2\/media?parent=8482"}],"wp:term":[{"taxonomy":"category","embeddable":true,"href":"https:\/\/centralmedia.rs\/index.php\/wp-json\/wp\/v2\/categories?post=8482"},{"taxonomy":"post_tag","embeddable":true,"href":"https:\/\/centralmedia.rs\/index.php\/wp-json\/wp\/v2\/tags?post=8482"}],"curies":[{"name":"wp","href":"https:\/\/api.w.org\/{rel}","templated":true}]}}