{"id":8502,"date":"2017-07-02T12:05:18","date_gmt":"2017-07-02T12:05:18","guid":{"rendered":"http:\/\/centralmedia.rs\/?p=8502"},"modified":"2017-07-02T12:05:19","modified_gmt":"2017-07-02T12:05:19","slug":"bez-doceka-u-jagodini-jagodinski-biciklisti-vozili-600-kilometara-za-zene","status":"publish","type":"post","link":"https:\/\/centralmedia.rs\/index.php\/2017\/07\/02\/bez-doceka-u-jagodini-jagodinski-biciklisti-vozili-600-kilometara-za-zene\/","title":{"rendered":"BEZ DO\u010cEKA U JAGODINI &#8211; JAGODINSKI BICIKLISTI VOZILI 600 KILOMETARA ZA \u017dENE"},"content":{"rendered":"<p>JAGODINA-&#8220;Jagodinski Biciklisti&#8221; posle devet dana, deset gradova i 600 pre\u0111enih kilometara doputovali su na cilj u Jagodinu, me\u0111utim, nije bilo do\u010deka kao u gradovima koje su obi\u0161li. Oni na ovaj na\u010din realizuju \u00a0akciju &#8220;Budi br\u017ea od kancera&#8221; koja ima za cilj da skrene pa\u017enju na problem kancera grli\u0107a materice i \u017eenskh genitalnih organa, kao i da podseti na va\u017enost redovnih preventivnih pregleda.<\/p>\n<div id='gallery-1' class='gallery galleryid-8502 gallery-columns-2 gallery-size-full'><figure class='gallery-item'>\n\t\t\t<div class='gallery-icon landscape'>\n\t\t\t\t<a href='https:\/\/centralmedia.rs\/index.php\/2017\/07\/02\/bez-doceka-u-jagodini-jagodinski-biciklisti-vozili-600-kilometara-za-zene\/cilj-2\/'><img loading=\"lazy\" decoding=\"async\" width=\"960\" height=\"537\" src=\"https:\/\/centralmedia.rs\/wp-content\/uploads\/2017\/07\/cilj-2.jpg\" class=\"attachment-full size-full\" alt=\"\" aria-describedby=\"gallery-1-8504\" srcset=\"https:\/\/centralmedia.rs\/wp-content\/uploads\/2017\/07\/cilj-2.jpg 960w, https:\/\/centralmedia.rs\/wp-content\/uploads\/2017\/07\/cilj-2-300x168.jpg 300w, https:\/\/centralmedia.rs\/wp-content\/uploads\/2017\/07\/cilj-2-768x430.jpg 768w\" sizes=\"(max-width: 960px) 100vw, 960px\" \/><\/a>\n\t\t\t<\/div>\n\t\t\t\t<figcaption class='wp-caption-text gallery-caption' id='gallery-1-8504'>\n\t\t\t\tDo\u010dek u Jagodini\n\t\t\t\t<\/figcaption><\/figure><figure class='gallery-item'>\n\t\t\t<div class='gallery-icon landscape'>\n\t\t\t\t<a href='https:\/\/centralmedia.rs\/index.php\/2017\/07\/02\/bez-doceka-u-jagodini-jagodinski-biciklisti-vozili-600-kilometara-za-zene\/niska-banja\/'><img loading=\"lazy\" decoding=\"async\" width=\"960\" height=\"537\" src=\"https:\/\/centralmedia.rs\/wp-content\/uploads\/2017\/07\/niska-banja.jpg\" class=\"attachment-full size-full\" alt=\"\" aria-describedby=\"gallery-1-8505\" srcset=\"https:\/\/centralmedia.rs\/wp-content\/uploads\/2017\/07\/niska-banja.jpg 960w, https:\/\/centralmedia.rs\/wp-content\/uploads\/2017\/07\/niska-banja-300x168.jpg 300w, https:\/\/centralmedia.rs\/wp-content\/uploads\/2017\/07\/niska-banja-768x430.jpg 768w\" sizes=\"(max-width: 960px) 100vw, 960px\" \/><\/a>\n\t\t\t<\/div>\n\t\t\t\t<figcaption class='wp-caption-text gallery-caption' id='gallery-1-8505'>\n\t\t\t\tRok koncert u Ni\u0161koj Banji\n\t\t\t\t<\/figcaption><\/figure>\n\t\t<\/div>\n\n<p>-Ovo je druga godina od po\u010detka akcije. Dvanaestorica rekreativaca na biciklima je ove godine obi\u0161la jug Srbije, pro\u0161le godine istok, slede\u0107e godine idemo na zapad. U svim gradovima imali smo lep do\u010dek, a najupe\u010datljivije je bilo u Ni\u0161koj Banji gde su u na\u0161u \u010dast organizovali rok koncert, u Para\u0107inu nas do\u010dekalo udru\u017eenje \u017eenja kao i u drugim gradovima, dobijali smo zahvalnice, poruke ohrabrenja. Na ovaj na\u010din Preneli smo poruku koju smo \u017eeleli, \u0161to je bio cilj. Na dru\u0161tvenim mre\u017eama stotine hiljada ljudi su nas pratili I hrabrili. O\u010dekujemo da nas lokalna samouprava podr\u017ei slede\u0107e godien i aktivnje se uklju\u010di u ovu humanitarnu pri\u010du, jer smo ovo realizovali sopstvenim sredstvima, ka\u017ee predsednik Jagodinskih biciklista Goran Vasi\u0107.<\/p>\n<p>Jagodinski biciklisti-rekreativci, najmla\u0111i ima 42 godine a najstariji 63, \u00a0svoju devetodnevnu vo\u017enju zapo\u010deli su 24. juna.<\/p>\n<p>&nbsp;<\/p>\n<p>&nbsp;<\/p>\n","protected":false},"excerpt":{"rendered":"<p>JAGODINA-&#8220;Jagodinski Biciklisti&#8221; posle devet dana, deset gradova i 600 pre\u0111enih kilometara doputovali su na cilj u Jagodinu, me\u0111utim, nije bilo do\u010deka kao u gradovima koje &hellip; <\/p>\n","protected":false},"author":4,"featured_media":8503,"comment_status":"open","ping_status":"open","sticky":false,"template":"","format":"standard","meta":{"footnotes":""},"categories":[1524,2,1514,21],"tags":[2085,884],"_links":{"self":[{"href":"https:\/\/centralmedia.rs\/index.php\/wp-json\/wp\/v2\/posts\/8502"}],"collection":[{"href":"https:\/\/centralmedia.rs\/index.php\/wp-json\/wp\/v2\/posts"}],"about":[{"href":"https:\/\/centralmedia.rs\/index.php\/wp-json\/wp\/v2\/types\/post"}],"author":[{"embeddable":true,"href":"https:\/\/centralmedia.rs\/index.php\/wp-json\/wp\/v2\/users\/4"}],"replies":[{"embeddable":true,"href":"https:\/\/centralmedia.rs\/index.php\/wp-json\/wp\/v2\/comments?post=8502"}],"version-history":[{"count":0,"href":"https:\/\/centralmedia.rs\/index.php\/wp-json\/wp\/v2\/posts\/8502\/revisions"}],"wp:featuredmedia":[{"embeddable":true,"href":"https:\/\/centralmedia.rs\/index.php\/wp-json\/wp\/v2\/media\/8503"}],"wp:attachment":[{"href":"https:\/\/centralmedia.rs\/index.php\/wp-json\/wp\/v2\/media?parent=8502"}],"wp:term":[{"taxonomy":"category","embeddable":true,"href":"https:\/\/centralmedia.rs\/index.php\/wp-json\/wp\/v2\/categories?post=8502"},{"taxonomy":"post_tag","embeddable":true,"href":"https:\/\/centralmedia.rs\/index.php\/wp-json\/wp\/v2\/tags?post=8502"}],"curies":[{"name":"wp","href":"https:\/\/api.w.org\/{rel}","templated":true}]}}