{"id":8507,"date":"2017-07-03T17:24:46","date_gmt":"2017-07-03T17:24:46","guid":{"rendered":"http:\/\/centralmedia.rs\/?p=8507"},"modified":"2017-07-03T17:25:56","modified_gmt":"2017-07-03T17:25:56","slug":"podvig-cuprijske-hitne-pomoci-rudara-policajaca-spasili-invalida-iz-provalije-duboke-20-metara-u-kojoj-je-bio-sest-dana-noci","status":"publish","type":"post","link":"https:\/\/centralmedia.rs\/index.php\/2017\/07\/03\/podvig-cuprijske-hitne-pomoci-rudara-policajaca-spasili-invalida-iz-provalije-duboke-20-metara-u-kojoj-je-bio-sest-dana-noci\/","title":{"rendered":"PODVIG \u0106UPRIJSKE HITNE POMO\u0106I, RUDARA I POLICAJACA-SPASILI INVALIDA IZ PROVALIJE DUBOKE 20 METARA U KOJOJ JE PROVEO \u0160EST DANA I NO\u0106I"},"content":{"rendered":"<p>\u0106UPRIJA-Nepokretni invalid Sne\u0161ko Milosavljevi\u0107 (57) iz Lipovice kod Despotovca proveo \u0161est dana i no\u0107i u provaliji dubine preko 20 metra u okolini sela Senje kod \u0106uprije, u poslednjem trenutku sigurne smrti spasili su ga hitna pomo\u0107, rudari i policajci.<\/p>\n<figure id=\"attachment_8509\" aria-describedby=\"caption-attachment-8509\" style=\"width: 225px\" class=\"wp-caption alignleft\"><a href=\"https:\/\/centralmedia.rs\/wp-content\/uploads\/2017\/07\/sneshko-milosavljevic-3.jpg\"><img loading=\"lazy\" decoding=\"async\" class=\"size-medium wp-image-8509\" src=\"https:\/\/centralmedia.rs\/wp-content\/uploads\/2017\/07\/sneshko-milosavljevic-3-225x300.jpg\" alt=\"\" width=\"225\" height=\"300\" srcset=\"https:\/\/centralmedia.rs\/wp-content\/uploads\/2017\/07\/sneshko-milosavljevic-3-225x300.jpg 225w, https:\/\/centralmedia.rs\/wp-content\/uploads\/2017\/07\/sneshko-milosavljevic-3.jpg 720w\" sizes=\"(max-width: 225px) 100vw, 225px\" \/><\/a><figcaption id=\"caption-attachment-8509\" class=\"wp-caption-text\">Sne\u0161ko Milosavljevi\u0107<\/figcaption><\/figure>\n<p>On je svojim automobilom prilago\u0111enim za invalide krenuo u posetu prijatelju u Senju pre nedelju dana, ali automobil se zapalio, on je uspeo da se spasi i iza\u0111e iz njega. Bio je dezorjentisan i umesto da putem nastavi ka selu, on je krenuo na rukama ka provaliji, gde je upao i zadobio povrede nogu i glave. Tako nepokretan le\u017eao punih \u0161est dana i no\u0107i bez vode dok nije prona\u0111en, ali tu nije kraj njegovim mukama.<\/p>\n<p>-Prona\u0161li su ga rudari iz Senjskog rudnika, ali nisu smeli da mu pri\u0111u, pa su pozvali policiju sa kojom smo se uputili do tog mesta. Provalija je udaljena od asvaltnog puta jo\u0161 5 kilometara i nalazi se u planini iznad samog sela Senje. Policija nije imala adekvatnu opremu, pa su kontaktirali Gorsku slu\u017ebu spa\u0161avanja, ali oni nisu mogli odmah da iza\u0111u na teren,a povre\u0111eni invalid je ve\u0107 bio u te\u0161kom stanju jer je provaliji proveo \u0161est no\u0107i i dana, ka\u017ee dr Olivera Stankovi\u0107.<\/p>\n<figure id=\"attachment_8510\" aria-describedby=\"caption-attachment-8510\" style=\"width: 300px\" class=\"wp-caption alignright\"><a href=\"https:\/\/centralmedia.rs\/wp-content\/uploads\/2017\/07\/srdljan-i-dr-olivera.jpg\"><img loading=\"lazy\" decoding=\"async\" class=\"size-medium wp-image-8510\" src=\"https:\/\/centralmedia.rs\/wp-content\/uploads\/2017\/07\/srdljan-i-dr-olivera-300x225.jpg\" alt=\"\" width=\"300\" height=\"225\" srcset=\"https:\/\/centralmedia.rs\/wp-content\/uploads\/2017\/07\/srdljan-i-dr-olivera-300x225.jpg 300w, https:\/\/centralmedia.rs\/wp-content\/uploads\/2017\/07\/srdljan-i-dr-olivera-768x576.jpg 768w, https:\/\/centralmedia.rs\/wp-content\/uploads\/2017\/07\/srdljan-i-dr-olivera-80x60.jpg 80w, https:\/\/centralmedia.rs\/wp-content\/uploads\/2017\/07\/srdljan-i-dr-olivera-265x198.jpg 265w, https:\/\/centralmedia.rs\/wp-content\/uploads\/2017\/07\/srdljan-i-dr-olivera.jpg 960w\" sizes=\"(max-width: 300px) 100vw, 300px\" \/><\/a><figcaption id=\"caption-attachment-8510\" class=\"wp-caption-text\">Sr\u0111an Stojkovi\u0107 i dr Olivera Stankovi\u0107<\/figcaption><\/figure>\n<p>Spasioci su bili prepu\u0161teni sami sebi i morali su hitno da pomognu nesre\u0107nom \u010doveku.<\/p>\n<p>-Morali smo da pru\u017eimo pomo\u0107 nesre\u0107nom \u010doveku, krenuli smo sa \u010detvoricom policajaca i rudara da silazimo. \u010covek je bio u veoma zapu\u0161tenom stanju, nije ima vidljivih povreda, ali je bio zapu\u0161ten, dehidriran, malaksao, sa ranama po nogama koje su bile pune crva, po njemu su bile muve. U stra\u0161nom je stanju bio. Stavili smo ga na nosila, policajci su skinuli opasa\u010de, vezali smo ga, jer je nagib terena veliki, mogao je ispadne i sami smo bili ugro\u017eeni. Izvla\u010denje je trajalo oko 2.40 sata. \u010covek je spa\u0161en, \u017eiv je i zdrav, pri\u010da sa olak\u0161anjem dr Olivera Stankovi\u0107.<a href=\"https:\/\/centralmedia.rs\/wp-content\/uploads\/2017\/07\/sneshko-milosavljevic-2.jpg\"><img loading=\"lazy\" decoding=\"async\" class=\"alignleft size-medium wp-image-8511\" src=\"https:\/\/centralmedia.rs\/wp-content\/uploads\/2017\/07\/sneshko-milosavljevic-2-300x236.jpg\" alt=\"\" width=\"300\" height=\"236\" srcset=\"https:\/\/centralmedia.rs\/wp-content\/uploads\/2017\/07\/sneshko-milosavljevic-2-300x236.jpg 300w, https:\/\/centralmedia.rs\/wp-content\/uploads\/2017\/07\/sneshko-milosavljevic-2.jpg 579w\" sizes=\"(max-width: 300px) 100vw, 300px\" \/><\/a><\/p>\n<p>Medicinski tehni\u010dar Sr\u0111an Stojkovi\u0107 \u00a0navodi da do sada nije imao ovako te\u017eak slu\u010daj izvla\u010denja i transporta povre\u0111enog pacijenta.<\/p>\n<p>-Prilikom izvla\u010denja i mi smo zadobili povrede, ali pacijentu je \u017eivot spa\u0161en i on je sada dobro i van \u017eivotne opasnosti. Imao je povrede obe noge i glave,jako dehidriran, konfuzan i dezorijentisan,prevezen je do Urgentne sluzbe Op\u0161te bolnice u \u0106upriji, prise\u0107a se on.<\/p>\n<p>Zaposlenima u Hitnoj pomo\u0107i, policajcima i rudarima 1. jul zauvek \u0107e ostati u se\u0107anju.<\/p>\n","protected":false},"excerpt":{"rendered":"<p>\u0106UPRIJA-Nepokretni invalid Sne\u0161ko Milosavljevi\u0107 (57) iz Lipovice kod Despotovca proveo \u0161est dana i no\u0107i u provaliji dubine preko 20 metra u okolini sela Senje kod &hellip; <\/p>\n","protected":false},"author":4,"featured_media":8508,"comment_status":"open","ping_status":"open","sticky":false,"template":"","format":"standard","meta":{"footnotes":""},"categories":[1515,1524,20,2,887],"tags":[44,2086,2087],"_links":{"self":[{"href":"https:\/\/centralmedia.rs\/index.php\/wp-json\/wp\/v2\/posts\/8507"}],"collection":[{"href":"https:\/\/centralmedia.rs\/index.php\/wp-json\/wp\/v2\/posts"}],"about":[{"href":"https:\/\/centralmedia.rs\/index.php\/wp-json\/wp\/v2\/types\/post"}],"author":[{"embeddable":true,"href":"https:\/\/centralmedia.rs\/index.php\/wp-json\/wp\/v2\/users\/4"}],"replies":[{"embeddable":true,"href":"https:\/\/centralmedia.rs\/index.php\/wp-json\/wp\/v2\/comments?post=8507"}],"version-history":[{"count":0,"href":"https:\/\/centralmedia.rs\/index.php\/wp-json\/wp\/v2\/posts\/8507\/revisions"}],"wp:featuredmedia":[{"embeddable":true,"href":"https:\/\/centralmedia.rs\/index.php\/wp-json\/wp\/v2\/media\/8508"}],"wp:attachment":[{"href":"https:\/\/centralmedia.rs\/index.php\/wp-json\/wp\/v2\/media?parent=8507"}],"wp:term":[{"taxonomy":"category","embeddable":true,"href":"https:\/\/centralmedia.rs\/index.php\/wp-json\/wp\/v2\/categories?post=8507"},{"taxonomy":"post_tag","embeddable":true,"href":"https:\/\/centralmedia.rs\/index.php\/wp-json\/wp\/v2\/tags?post=8507"}],"curies":[{"name":"wp","href":"https:\/\/api.w.org\/{rel}","templated":true}]}}