{"id":8538,"date":"2017-07-05T13:54:55","date_gmt":"2017-07-05T13:54:55","guid":{"rendered":"http:\/\/centralmedia.rs\/?p=8538"},"modified":"2017-07-05T13:58:49","modified_gmt":"2017-07-05T13:58:49","slug":"potraga-za-psom-herojem-koji-je-spasio-hendikepiranog-vlasnika-kao-da-je-u-zemlju-propao","status":"publish","type":"post","link":"https:\/\/centralmedia.rs\/index.php\/2017\/07\/05\/potraga-za-psom-herojem-koji-je-spasio-hendikepiranog-vlasnika-kao-da-je-u-zemlju-propao\/","title":{"rendered":"POTRAGA ZA PSOM HEROJEM KOJI JE SPASIO SIGURNE SMRTI HENDIKEPIRANOG VLASNIKA &#8211; KAO DA JE U ZEMLJU PROPAO"},"content":{"rendered":"<p>\u0106UPRIJA-\u010cetvoromese\u010dnom psu heroju ,,Malom\u201c, koji je \u0161est dana i no\u0107i proveo je u provaliji dubokoj 20 metara \u010duvaju\u0107i svog hendikepiranog vlasnika Sne\u0161ka Milosavljevi\u0107a (57) iz Lipovice kod Despotovca,<\/p>\n<figure id=\"attachment_8533\" aria-describedby=\"caption-attachment-8533\" style=\"width: 300px\" class=\"wp-caption alignright\"><a href=\"https:\/\/centralmedia.rs\/wp-content\/uploads\/2017\/07\/sneshkov-pas-mali-1.jpg\"><img loading=\"lazy\" decoding=\"async\" class=\"size-medium wp-image-8533\" src=\"https:\/\/centralmedia.rs\/wp-content\/uploads\/2017\/07\/sneshkov-pas-mali-1-300x169.jpg\" alt=\"\" width=\"300\" height=\"169\" srcset=\"https:\/\/centralmedia.rs\/wp-content\/uploads\/2017\/07\/sneshkov-pas-mali-1-300x169.jpg 300w, https:\/\/centralmedia.rs\/wp-content\/uploads\/2017\/07\/sneshkov-pas-mali-1-768x432.jpg 768w, https:\/\/centralmedia.rs\/wp-content\/uploads\/2017\/07\/sneshkov-pas-mali-1-1024x576.jpg 1024w, https:\/\/centralmedia.rs\/wp-content\/uploads\/2017\/07\/sneshkov-pas-mali-1.jpg 1067w\" sizes=\"(max-width: 300px) 100vw, 300px\" \/><\/a><figcaption id=\"caption-attachment-8533\" class=\"wp-caption-text\">Heroj pas ,,Mali&#8221;<\/figcaption><\/figure>\n<p>posle akcije spa\u0161avanja gubi se svaki trag, zato molimo sve aktere tog doga\u0111aja i one koji ne\u0161to znaju o sudbini psa ili gde se nalazi da se jave redakciji na telefon 069 24 33 599 kako bi zainteresovani gra\u0111ani dostavili pomo\u0107. Kako nezvani\u010dno sazanjemo, pas nije \u017eeleo da se odvoji od svog vlasnika, pa su zajedno transportovani u policijskoj ,,nivi\u201c od mesta gde su prona\u0111eni do \u0161kole u selu Senje kod \u0106uprije. Me\u0111utim, tu mu je gubi svaki trag, niko od aktera ne zna \u0161ta se potom dogodilo sa psom. Naime, postoji nekoliko verzija te pri\u010de o sudbini psa heroja, da je Hitna pomo\u0107 odbila da ga preveze psa sa pacijentom i da je on ostao u \u0161kolskom dvori\u0161tu, da ga je uzeo neko od me\u0161tana i da je po\u0161ao sa policajcima-spasiocima.<\/p>\n<figure id=\"attachment_8529\" aria-describedby=\"caption-attachment-8529\" style=\"width: 233px\" class=\"wp-caption alignright\"><a href=\"https:\/\/centralmedia.rs\/wp-content\/uploads\/2017\/07\/pas-mali.jpg\"><img loading=\"lazy\" decoding=\"async\" class=\"size-medium wp-image-8529\" src=\"https:\/\/centralmedia.rs\/wp-content\/uploads\/2017\/07\/pas-mali-233x300.jpg\" alt=\"\" width=\"233\" height=\"300\" srcset=\"https:\/\/centralmedia.rs\/wp-content\/uploads\/2017\/07\/pas-mali-233x300.jpg 233w, https:\/\/centralmedia.rs\/wp-content\/uploads\/2017\/07\/pas-mali.jpg 244w\" sizes=\"(max-width: 233px) 100vw, 233px\" \/><\/a><figcaption id=\"caption-attachment-8529\" class=\"wp-caption-text\">,,Mali&#8221; pored Sne\u0161ka<\/figcaption><\/figure>\n<p>Zato molimo da ako neko od aktera doga\u0111aja zna sudbinu psa ili adresu na kojoj se nalazi da se javi redakciji, kako bi psu bila dostavljena hrana i sve \u0161to mu je potrebno. Na\u017ealost ni Sne\u0161ko Milosavljevi\u0107 nema informacije o svom psu.<\/p>\n<p>-Ne znam \u0161ta je sa ,,Malim\u201c, mnogo mi je \u017eao zbog toga. U tom trenuktu nisam bio pri sebi, zbog \u0161oka i dehidritacije bio sam dezorjentisan. Nadam se da se sna\u0161ao i da ga je neko sa\u010duvao, da me \u010deka da se iza\u0111em iz bolnice, ka\u017ee Sne\u0161ko Milosavljevi\u0107, koji le\u017ei u \u0107uprijskoj bolnici. Dobrog je zdravstvenog stanja, lekari su uspeli brzo da ga oporave jer je dehidrirao i imao rane po rukama i nogama.<\/p>\n<p>-Jo\u0161 uvek se nisam izle\u010dio od bakterija koje sam dobio kada sam iz invalidskih kolica marta pao u Despotovcu. Sada se oporavljam od posledica boravka u jami kod Senja, ka\u017ee on.<\/p>\n<figure id=\"attachment_8540\" aria-describedby=\"caption-attachment-8540\" style=\"width: 201px\" class=\"wp-caption alignright\"><a href=\"https:\/\/centralmedia.rs\/wp-content\/uploads\/2017\/07\/Cuprija-Snesko-MilosavljevicZ.G-4.jpg\"><img loading=\"lazy\" decoding=\"async\" class=\"size-medium wp-image-8540\" src=\"https:\/\/centralmedia.rs\/wp-content\/uploads\/2017\/07\/Cuprija-Snesko-MilosavljevicZ.G-4-201x300.jpg\" alt=\"\" width=\"201\" height=\"300\" srcset=\"https:\/\/centralmedia.rs\/wp-content\/uploads\/2017\/07\/Cuprija-Snesko-MilosavljevicZ.G-4-201x300.jpg 201w, https:\/\/centralmedia.rs\/wp-content\/uploads\/2017\/07\/Cuprija-Snesko-MilosavljevicZ.G-4.jpg 602w\" sizes=\"(max-width: 201px) 100vw, 201px\" \/><\/a><figcaption id=\"caption-attachment-8540\" class=\"wp-caption-text\">Sne\u0161ko Milosavljevi\u0107 u bolnici<\/figcaption><\/figure>\n<p>Njegov automobil pokvario se na brdu na putu do ro\u0111aka, poku\u0161ao je da se spasi i upao u jamu, tako je po\u010dela drama sa sre\u0107nim krajem za njega. On je osoba sa hendikepom od 1987. godine, kada je povredio ki\u010dmu prilikom pada sa tre\u0107eg sprata. Sam \u017eivi u Lipovici.<\/p>\n<figure id=\"attachment_8541\" aria-describedby=\"caption-attachment-8541\" style=\"width: 300px\" class=\"wp-caption alignleft\"><a href=\"https:\/\/centralmedia.rs\/wp-content\/uploads\/2017\/07\/Cuprija-Snesko-MilosavljevicZ.G-1.jpg\"><img loading=\"lazy\" decoding=\"async\" class=\"size-medium wp-image-8541\" src=\"https:\/\/centralmedia.rs\/wp-content\/uploads\/2017\/07\/Cuprija-Snesko-MilosavljevicZ.G-1-300x201.jpg\" alt=\"\" width=\"300\" height=\"201\" srcset=\"https:\/\/centralmedia.rs\/wp-content\/uploads\/2017\/07\/Cuprija-Snesko-MilosavljevicZ.G-1-300x201.jpg 300w, https:\/\/centralmedia.rs\/wp-content\/uploads\/2017\/07\/Cuprija-Snesko-MilosavljevicZ.G-1-768x514.jpg 768w, https:\/\/centralmedia.rs\/wp-content\/uploads\/2017\/07\/Cuprija-Snesko-MilosavljevicZ.G-1.jpg 900w\" sizes=\"(max-width: 300px) 100vw, 300px\" \/><\/a><figcaption id=\"caption-attachment-8541\" class=\"wp-caption-text\">Sne\u0161ko Milosavljevi\u0107<\/figcaption><\/figure>\n<p>&nbsp;<\/p>\n","protected":false},"excerpt":{"rendered":"<p>\u0106UPRIJA-\u010cetvoromese\u010dnom psu heroju ,,Malom\u201c, koji je \u0161est dana i no\u0107i proveo je u provaliji dubokoj 20 metara \u010duvaju\u0107i svog hendikepiranog vlasnika Sne\u0161ka Milosavljevi\u0107a (57) iz &hellip; <\/p>\n","protected":false},"author":4,"featured_media":8539,"comment_status":"open","ping_status":"open","sticky":false,"template":"","format":"standard","meta":{"footnotes":""},"categories":[1515,1524,20,2,35,23,887],"tags":[44,2094,2095],"_links":{"self":[{"href":"https:\/\/centralmedia.rs\/index.php\/wp-json\/wp\/v2\/posts\/8538"}],"collection":[{"href":"https:\/\/centralmedia.rs\/index.php\/wp-json\/wp\/v2\/posts"}],"about":[{"href":"https:\/\/centralmedia.rs\/index.php\/wp-json\/wp\/v2\/types\/post"}],"author":[{"embeddable":true,"href":"https:\/\/centralmedia.rs\/index.php\/wp-json\/wp\/v2\/users\/4"}],"replies":[{"embeddable":true,"href":"https:\/\/centralmedia.rs\/index.php\/wp-json\/wp\/v2\/comments?post=8538"}],"version-history":[{"count":0,"href":"https:\/\/centralmedia.rs\/index.php\/wp-json\/wp\/v2\/posts\/8538\/revisions"}],"wp:featuredmedia":[{"embeddable":true,"href":"https:\/\/centralmedia.rs\/index.php\/wp-json\/wp\/v2\/media\/8539"}],"wp:attachment":[{"href":"https:\/\/centralmedia.rs\/index.php\/wp-json\/wp\/v2\/media?parent=8538"}],"wp:term":[{"taxonomy":"category","embeddable":true,"href":"https:\/\/centralmedia.rs\/index.php\/wp-json\/wp\/v2\/categories?post=8538"},{"taxonomy":"post_tag","embeddable":true,"href":"https:\/\/centralmedia.rs\/index.php\/wp-json\/wp\/v2\/tags?post=8538"}],"curies":[{"name":"wp","href":"https:\/\/api.w.org\/{rel}","templated":true}]}}