{"id":8613,"date":"2017-07-09T11:39:49","date_gmt":"2017-07-09T11:39:49","guid":{"rendered":"http:\/\/centralmedia.rs\/?p=8613"},"modified":"2017-07-09T11:39:49","modified_gmt":"2017-07-09T11:39:49","slug":"jagodinsko-gubiliste-na-strelistu-zazvonilo-zvono-na-crkvi-pokrova-presvete-bogorodice","status":"publish","type":"post","link":"https:\/\/centralmedia.rs\/index.php\/2017\/07\/09\/jagodinsko-gubiliste-na-strelistu-zazvonilo-zvono-na-crkvi-pokrova-presvete-bogorodice\/","title":{"rendered":"JAGODINSKO GUBILI\u0160TE NA STRELI\u0160TU -ZAZVONILO ZVONO NA CRKVI POKROVA PRESVETE BOGORODICE"},"content":{"rendered":"<p>JAGODINA-Na dana\u0161njoj svetoj liturgiji u hramu Pokrova Presvete Bogorodice u jagodinskom naselju Streli\u0161te po prvi put zavonilo je crkveno zvono. Hram je \u00a0u junu dobio je svoje prvo od tri zvona koja su planirana projektom. Temelji hrama osve\u0161tani su 1999. godine, a re\u010d je o mestu u blizini koga je bilo gubili\u0161te nevinih gra\u0111ana posle oktobra 1944 godine. Nekada se zvalo Konjsko groblje, a danas simboli\u010dno Streli\u0161te.<\/p>\n<p>-Oglasili smo zvonom bogoslu\u017ebenu liturgiju prvi put u crkvi. U proteklih nekoliko godina svakog oktobra u crkvi se slu\u017ei litrgija, kada je slava Pokrova Presvete Bogorodice. Sada \u0107e slu\u017eba \u0107e biti obavljana barem jednom mese\u010dno, u oktobru \u0107e zvona biti osve\u0161tana. Zato pozivamo vernike da 14. oktobra do\u0111u na liturgiju koju \u0107e slu\u017eiti episkop Jovan, rekao je protonamesnik Dejan \u0110or\u0111evi\u0107.<\/p>\n<div id='gallery-1' class='gallery galleryid-8613 gallery-columns-2 gallery-size-full'><figure class='gallery-item'>\n\t\t\t<div class='gallery-icon portrait'>\n\t\t\t\t<a href='https:\/\/centralmedia.rs\/index.php\/2017\/07\/09\/jagodinsko-gubiliste-na-strelistu-zazvonilo-zvono-na-crkvi-pokrova-presvete-bogorodice\/crkva-1\/'><img loading=\"lazy\" decoding=\"async\" width=\"675\" height=\"900\" src=\"https:\/\/centralmedia.rs\/wp-content\/uploads\/2017\/07\/crkva-1.jpg\" class=\"attachment-full size-full\" alt=\"\" srcset=\"https:\/\/centralmedia.rs\/wp-content\/uploads\/2017\/07\/crkva-1.jpg 675w, https:\/\/centralmedia.rs\/wp-content\/uploads\/2017\/07\/crkva-1-225x300.jpg 225w\" sizes=\"(max-width: 675px) 100vw, 675px\" \/><\/a>\n\t\t\t<\/div><\/figure><figure class='gallery-item'>\n\t\t\t<div class='gallery-icon portrait'>\n\t\t\t\t<a href='https:\/\/centralmedia.rs\/index.php\/2017\/07\/09\/jagodinsko-gubiliste-na-strelistu-zazvonilo-zvono-na-crkvi-pokrova-presvete-bogorodice\/crkva-2-2\/'><img loading=\"lazy\" decoding=\"async\" width=\"675\" height=\"900\" src=\"https:\/\/centralmedia.rs\/wp-content\/uploads\/2017\/07\/crkva-2.jpg\" class=\"attachment-full size-full\" alt=\"\" srcset=\"https:\/\/centralmedia.rs\/wp-content\/uploads\/2017\/07\/crkva-2.jpg 675w, https:\/\/centralmedia.rs\/wp-content\/uploads\/2017\/07\/crkva-2-225x300.jpg 225w\" sizes=\"(max-width: 675px) 100vw, 675px\" \/><\/a>\n\t\t\t<\/div><\/figure>\n\t\t<\/div>\n\n<p>Zvono je prilo\u017eio Kosta Ognjanovi\u0107 sa porodicom,<a href=\"https:\/\/centralmedia.rs\/wp-content\/uploads\/2017\/07\/jagodina_zvono.jpg\"><img loading=\"lazy\" decoding=\"async\" class=\"alignright size-thumbnail wp-image-8617\" src=\"https:\/\/centralmedia.rs\/wp-content\/uploads\/2017\/07\/jagodina_zvono-150x150.jpg\" alt=\"\" width=\"150\" height=\"150\" \/><\/a>te\u0161ko je 100 kilograma i izra\u0111eno u livnici Jevrem Popovi\u0107 iz Beograda koja iza sebe ima dugu tradiciju u izradi zvona od preko 200 godina. Ram, odnosno nasa\u010de za zvona je uradila firma Forteks iz Jagodine.<\/p>\n<p>-Prostor oko crkve ima i memorijalni karakter. Kada bude profunkcionisala crkva, sve ljude koji su na ovom mestu izgubili \u017eivot otrgnu\u0107emo iz zaborava, po mogu\u0107stvu poimenice, da se slu\u017ee parastosi, da se postavi spomen plo\u010da, da vidimo ko je dao \u017eivot, ko ih je streljao, ali to \u0107emo ostaviti za 2018 godinu. \u017drtve ne\u0107e biti zaboravljene. Re\u010d je o \u017ertvama od oktobra 1944 do 1946 godine, ka\u017ee \u0110o\u0111r\u0111evi\u0107.<\/p>\n<p>Hram Pokrova Presvete Bogorodice, posle obvavljanja administrativnih poslova, \u00a0\u00a0posta\u0107e zasebna crkvena op\u0161tina. Posle postavljanja zvona, krstova, ikonostasa i freskopisa u narednih nekoliko godina bi\u0107e obavljeno osve\u0161tavanje hrama.<\/p>\n","protected":false},"excerpt":{"rendered":"<p>JAGODINA-Na dana\u0161njoj svetoj liturgiji u hramu Pokrova Presvete Bogorodice u jagodinskom naselju Streli\u0161te po prvi put zavonilo je crkveno zvono. Hram je \u00a0u junu dobio &hellip; <\/p>\n","protected":false},"author":4,"featured_media":8614,"comment_status":"open","ping_status":"open","sticky":false,"template":"","format":"standard","meta":{"footnotes":""},"categories":[14,1524,2,1514,12],"tags":[2113,58,2114],"_links":{"self":[{"href":"https:\/\/centralmedia.rs\/index.php\/wp-json\/wp\/v2\/posts\/8613"}],"collection":[{"href":"https:\/\/centralmedia.rs\/index.php\/wp-json\/wp\/v2\/posts"}],"about":[{"href":"https:\/\/centralmedia.rs\/index.php\/wp-json\/wp\/v2\/types\/post"}],"author":[{"embeddable":true,"href":"https:\/\/centralmedia.rs\/index.php\/wp-json\/wp\/v2\/users\/4"}],"replies":[{"embeddable":true,"href":"https:\/\/centralmedia.rs\/index.php\/wp-json\/wp\/v2\/comments?post=8613"}],"version-history":[{"count":0,"href":"https:\/\/centralmedia.rs\/index.php\/wp-json\/wp\/v2\/posts\/8613\/revisions"}],"wp:featuredmedia":[{"embeddable":true,"href":"https:\/\/centralmedia.rs\/index.php\/wp-json\/wp\/v2\/media\/8614"}],"wp:attachment":[{"href":"https:\/\/centralmedia.rs\/index.php\/wp-json\/wp\/v2\/media?parent=8613"}],"wp:term":[{"taxonomy":"category","embeddable":true,"href":"https:\/\/centralmedia.rs\/index.php\/wp-json\/wp\/v2\/categories?post=8613"},{"taxonomy":"post_tag","embeddable":true,"href":"https:\/\/centralmedia.rs\/index.php\/wp-json\/wp\/v2\/tags?post=8613"}],"curies":[{"name":"wp","href":"https:\/\/api.w.org\/{rel}","templated":true}]}}