{"id":8629,"date":"2017-07-10T16:36:32","date_gmt":"2017-07-10T16:36:32","guid":{"rendered":"http:\/\/centralmedia.rs\/?p=8629"},"modified":"2017-07-10T16:36:32","modified_gmt":"2017-07-10T16:36:32","slug":"uskoro-ekskurzije-turisti-u-neolitskom-megapolisu-kod-paracina","status":"publish","type":"post","link":"https:\/\/centralmedia.rs\/index.php\/2017\/07\/10\/uskoro-ekskurzije-turisti-u-neolitskom-megapolisu-kod-paracina\/","title":{"rendered":"USKORO EKSKURZIJE I TURISTI U NEOLITSKOM MEGAPOLISU KOD PARA\u0106INA"},"content":{"rendered":"<p>PARA\u0106IN-Posle deset godina istra\u017eivanja neolitiski megapolis, naselje na 30 hektara sa 700 objekata starih i do 8.100 godina u kome je \u017eivelo u jednom trenutku najmanje do 3.000 ljudi,\u00a0 u Drenovcu kod Para\u0107ina\u00a0 uskoro \u0107e biti dostupan ekskurzijama i turistima. Arheolozi, posle nalaza u Drenovcu, smatraju da je u ovom delu Srbije po\u010dela neolitizacija centralnog Balkana, te postoje namere da se na ovom mestu osnuje Balkanski institut za prou\u010davanje neolita. Na zahtev op\u0161tine Para\u0107in, odobrena je izgradnja stajali\u0161ta na auto putu Beograd-Ni\u0161 i radovi su u toku. Prilazni putevi lokalitetu delimi\u010dno su sanirani, te iz para\u0107inskog Zavi\u010dajnog muzeja pozivaju zainteresovane, koji \u017eele da vide ostatke neolitske civilizacije, da im se jave radi organizacije obilaska. <a href=\"https:\/\/centralmedia.rs\/wp-content\/uploads\/2016\/07\/drenovac-paracin-g.j..jpg\"><img loading=\"lazy\" decoding=\"async\" class=\"aligncenter size-full wp-image-3809\" src=\"https:\/\/centralmedia.rs\/wp-content\/uploads\/2016\/07\/drenovac-paracin-g.j..jpg\" alt=\"\" width=\"900\" height=\"675\" srcset=\"https:\/\/centralmedia.rs\/wp-content\/uploads\/2016\/07\/drenovac-paracin-g.j..jpg 900w, https:\/\/centralmedia.rs\/wp-content\/uploads\/2016\/07\/drenovac-paracin-g.j.-300x225.jpg 300w, https:\/\/centralmedia.rs\/wp-content\/uploads\/2016\/07\/drenovac-paracin-g.j.-768x576.jpg 768w, https:\/\/centralmedia.rs\/wp-content\/uploads\/2016\/07\/drenovac-paracin-g.j.-80x60.jpg 80w, https:\/\/centralmedia.rs\/wp-content\/uploads\/2016\/07\/drenovac-paracin-g.j.-265x198.jpg 265w\" sizes=\"(max-width: 900px) 100vw, 900px\" \/><\/a><\/p>\n<p>Na arheolo\u0161kom lokalitetu Drenovac i ovog leta nastavljena su iskopavanja i ostali radovi na podru\u010dju neolitskog naselja, sa ciljem da se nalazi izlo\u017ee javnosti u svojevrsnom Muzeju na otvorenom.<\/p>\n<p>-Ovo je po\u010detak ure\u0111ivanja objekta, odnosno kako bi trebalo da izgleda izlo\u017ebeni prostor ili muzej na otvorenom. Izgradili smo potporni zid, koji obezbe\u0111uje profil, sledi postavljanje staza, zatim alarmni i video nadzor na balonu i zgradi. Za kona\u010dnu prezentaciju treba\u0107e jo\u0161 sredstava jer je potrebno uvo\u0111enje rasvete, postavljanje panoa i vitrina, ka\u017ee profesor Slavi\u0161a Peri\u0107, koji predvodi tridesetak istra\u017eiva\u010da i konzervatora.<a href=\"https:\/\/centralmedia.rs\/wp-content\/uploads\/2016\/07\/drenovac-4-paracin-g.j..jpg\"><img loading=\"lazy\" decoding=\"async\" class=\"aligncenter size-full wp-image-3810\" src=\"https:\/\/centralmedia.rs\/wp-content\/uploads\/2016\/07\/drenovac-4-paracin-g.j..jpg\" alt=\"\" width=\"900\" height=\"589\" srcset=\"https:\/\/centralmedia.rs\/wp-content\/uploads\/2016\/07\/drenovac-4-paracin-g.j..jpg 900w, https:\/\/centralmedia.rs\/wp-content\/uploads\/2016\/07\/drenovac-4-paracin-g.j.-300x196.jpg 300w, https:\/\/centralmedia.rs\/wp-content\/uploads\/2016\/07\/drenovac-4-paracin-g.j.-768x503.jpg 768w\" sizes=\"(max-width: 900px) 100vw, 900px\" \/><\/a><\/p>\n<p>Ovogodi\u0161nja istra\u017eivanja traja\u0107e do polovine avgusta,a u septembru \u0107e uslediti konzervacija 150 kremi\u010dkih posuda da bi posetioci stekli utisak izgleda ku\u0107a od pre 8.000 godina.<\/p>\n<p>-Arheolo\u0161ki radovi nastavljeni su pre par dana, pored nastavka radova na postoje\u0107im sondama u planu otvaranje sonde sa druge strane auto puta, gde \u0107emo ispratiti presek rova koji okru\u017euje naselje. Kre\u0107u pripreme na konzervaciju odbjekta broj 19 koji je bio u najboljem stanju, ka\u017ee direktor Zavi\u010dajnog muzeja Branisalv Stojanovi\u0107<\/p>\n<div id='gallery-1' class='gallery galleryid-8629 gallery-columns-2 gallery-size-full'><figure class='gallery-item'>\n\t\t\t<div class='gallery-icon landscape'>\n\t\t\t\t<a href='https:\/\/centralmedia.rs\/index.php\/2016\/07\/19\/arheolog-slavica-peric-legalizovana-pljacka-arheoloskih-nalazista-u-srbiji\/drenovac-3-paracin-g-j\/'><img loading=\"lazy\" decoding=\"async\" width=\"900\" height=\"592\" src=\"https:\/\/centralmedia.rs\/wp-content\/uploads\/2016\/07\/drenovac-3-paracin-g.j..jpg\" class=\"attachment-full size-full\" alt=\"\" srcset=\"https:\/\/centralmedia.rs\/wp-content\/uploads\/2016\/07\/drenovac-3-paracin-g.j..jpg 900w, https:\/\/centralmedia.rs\/wp-content\/uploads\/2016\/07\/drenovac-3-paracin-g.j.-300x197.jpg 300w, https:\/\/centralmedia.rs\/wp-content\/uploads\/2016\/07\/drenovac-3-paracin-g.j.-768x505.jpg 768w\" sizes=\"(max-width: 900px) 100vw, 900px\" \/><\/a>\n\t\t\t<\/div><\/figure><figure class='gallery-item'>\n\t\t\t<div class='gallery-icon landscape'>\n\t\t\t\t<a href='https:\/\/centralmedia.rs\/index.php\/2016\/07\/19\/arheolog-slavica-peric-legalizovana-pljacka-arheoloskih-nalazista-u-srbiji\/drenovac-2-paracin-g-j\/'><img loading=\"lazy\" decoding=\"async\" width=\"900\" height=\"675\" src=\"https:\/\/centralmedia.rs\/wp-content\/uploads\/2016\/07\/drenovac-2-paracin-g.j..jpg\" class=\"attachment-full size-full\" alt=\"\" srcset=\"https:\/\/centralmedia.rs\/wp-content\/uploads\/2016\/07\/drenovac-2-paracin-g.j..jpg 900w, https:\/\/centralmedia.rs\/wp-content\/uploads\/2016\/07\/drenovac-2-paracin-g.j.-300x225.jpg 300w, https:\/\/centralmedia.rs\/wp-content\/uploads\/2016\/07\/drenovac-2-paracin-g.j.-768x576.jpg 768w, https:\/\/centralmedia.rs\/wp-content\/uploads\/2016\/07\/drenovac-2-paracin-g.j.-80x60.jpg 80w, https:\/\/centralmedia.rs\/wp-content\/uploads\/2016\/07\/drenovac-2-paracin-g.j.-265x198.jpg 265w\" sizes=\"(max-width: 900px) 100vw, 900px\" \/><\/a>\n\t\t\t<\/div><\/figure>\n\t\t<\/div>\n\n<p>Uporedo sa istra\u017eiva\u010dima iz Srbije rade kolege iz BIH i Bugarske.<\/p>\n<p>&nbsp;<\/p>\n<p>&nbsp;<\/p>\n","protected":false},"excerpt":{"rendered":"<p>PARA\u0106IN-Posle deset godina istra\u017eivanja neolitiski megapolis, naselje na 30 hektara sa 700 objekata starih i do 8.100 godina u kome je \u017eivelo u jednom trenutku &hellip; <\/p>\n","protected":false},"author":4,"featured_media":3813,"comment_status":"open","ping_status":"open","sticky":false,"template":"","format":"standard","meta":{"footnotes":""},"categories":[1524,2,15,1516,887,12],"tags":[988,989,156],"_links":{"self":[{"href":"https:\/\/centralmedia.rs\/index.php\/wp-json\/wp\/v2\/posts\/8629"}],"collection":[{"href":"https:\/\/centralmedia.rs\/index.php\/wp-json\/wp\/v2\/posts"}],"about":[{"href":"https:\/\/centralmedia.rs\/index.php\/wp-json\/wp\/v2\/types\/post"}],"author":[{"embeddable":true,"href":"https:\/\/centralmedia.rs\/index.php\/wp-json\/wp\/v2\/users\/4"}],"replies":[{"embeddable":true,"href":"https:\/\/centralmedia.rs\/index.php\/wp-json\/wp\/v2\/comments?post=8629"}],"version-history":[{"count":0,"href":"https:\/\/centralmedia.rs\/index.php\/wp-json\/wp\/v2\/posts\/8629\/revisions"}],"wp:featuredmedia":[{"embeddable":true,"href":"https:\/\/centralmedia.rs\/index.php\/wp-json\/wp\/v2\/media\/3813"}],"wp:attachment":[{"href":"https:\/\/centralmedia.rs\/index.php\/wp-json\/wp\/v2\/media?parent=8629"}],"wp:term":[{"taxonomy":"category","embeddable":true,"href":"https:\/\/centralmedia.rs\/index.php\/wp-json\/wp\/v2\/categories?post=8629"},{"taxonomy":"post_tag","embeddable":true,"href":"https:\/\/centralmedia.rs\/index.php\/wp-json\/wp\/v2\/tags?post=8629"}],"curies":[{"name":"wp","href":"https:\/\/api.w.org\/{rel}","templated":true}]}}