{"id":8657,"date":"2017-07-12T22:40:49","date_gmt":"2017-07-12T22:40:49","guid":{"rendered":"http:\/\/centralmedia.rs\/?p=8657"},"modified":"2017-07-12T22:40:49","modified_gmt":"2017-07-12T22:40:49","slug":"jagodina-grad-fontana-u-toku-gradnja-seste-nije-kraj","status":"publish","type":"post","link":"https:\/\/centralmedia.rs\/index.php\/2017\/07\/12\/jagodina-grad-fontana-u-toku-gradnja-seste-nije-kraj\/","title":{"rendered":"JAGODINA GRAD FONTANA &#8211; U TOKU GRADNJA \u0160ESTE I TO NIJE KRAJ"},"content":{"rendered":"<p>JAGODINA-Na kru\u017enom toku u blizini administrativnog centra i mosta preko reke Belice u Jagodini gradi se \u0161esta po redu fontana,<a href=\"https:\/\/centralmedia.rs\/wp-content\/uploads\/2017\/07\/fontana.jpg\"><img loading=\"lazy\" decoding=\"async\" class=\"alignleft size-medium wp-image-8659\" src=\"https:\/\/centralmedia.rs\/wp-content\/uploads\/2017\/07\/fontana-300x225.jpg\" alt=\"\" width=\"300\" height=\"225\" srcset=\"https:\/\/centralmedia.rs\/wp-content\/uploads\/2017\/07\/fontana-300x225.jpg 300w, https:\/\/centralmedia.rs\/wp-content\/uploads\/2017\/07\/fontana-768x576.jpg 768w, https:\/\/centralmedia.rs\/wp-content\/uploads\/2017\/07\/fontana-80x60.jpg 80w, https:\/\/centralmedia.rs\/wp-content\/uploads\/2017\/07\/fontana-265x198.jpg 265w, https:\/\/centralmedia.rs\/wp-content\/uploads\/2017\/07\/fontana.jpg 960w\" sizes=\"(max-width: 300px) 100vw, 300px\" \/><\/a> te je po tome Jagodina svakako zaslu\u017eila epitet ,,grad fontana\u201c. Prva fontana izgra\u0111ena je na gradskom Skveru, kao izborno obe\u0107anje, 2005. godine, zatim je usledila instalacija tri sistema fontana u gradskom parku \u0110ur\u0111evo brdo i peta na kru\u017enom toku kod crkve Svete Petke. U planu je izgradnja jo\u0161 nekoliko sli\u010dnih vodenih objekata na budu\u0107im saobra\u0107ajnim kru\u017enim tokovima.<\/p>\n","protected":false},"excerpt":{"rendered":"<p>JAGODINA-Na kru\u017enom toku u blizini administrativnog centra i mosta preko reke Belice u Jagodini gradi se \u0161esta po redu fontana, te je po tome Jagodina &hellip; <\/p>\n","protected":false},"author":4,"featured_media":8658,"comment_status":"open","ping_status":"open","sticky":false,"template":"","format":"standard","meta":{"footnotes":""},"categories":[1524,2,1514,16,12],"tags":[2123,58],"_links":{"self":[{"href":"https:\/\/centralmedia.rs\/index.php\/wp-json\/wp\/v2\/posts\/8657"}],"collection":[{"href":"https:\/\/centralmedia.rs\/index.php\/wp-json\/wp\/v2\/posts"}],"about":[{"href":"https:\/\/centralmedia.rs\/index.php\/wp-json\/wp\/v2\/types\/post"}],"author":[{"embeddable":true,"href":"https:\/\/centralmedia.rs\/index.php\/wp-json\/wp\/v2\/users\/4"}],"replies":[{"embeddable":true,"href":"https:\/\/centralmedia.rs\/index.php\/wp-json\/wp\/v2\/comments?post=8657"}],"version-history":[{"count":0,"href":"https:\/\/centralmedia.rs\/index.php\/wp-json\/wp\/v2\/posts\/8657\/revisions"}],"wp:featuredmedia":[{"embeddable":true,"href":"https:\/\/centralmedia.rs\/index.php\/wp-json\/wp\/v2\/media\/8658"}],"wp:attachment":[{"href":"https:\/\/centralmedia.rs\/index.php\/wp-json\/wp\/v2\/media?parent=8657"}],"wp:term":[{"taxonomy":"category","embeddable":true,"href":"https:\/\/centralmedia.rs\/index.php\/wp-json\/wp\/v2\/categories?post=8657"},{"taxonomy":"post_tag","embeddable":true,"href":"https:\/\/centralmedia.rs\/index.php\/wp-json\/wp\/v2\/tags?post=8657"}],"curies":[{"name":"wp","href":"https:\/\/api.w.org\/{rel}","templated":true}]}}