{"id":8669,"date":"2017-07-14T07:34:09","date_gmt":"2017-07-14T07:34:09","guid":{"rendered":"http:\/\/centralmedia.rs\/?p=8669"},"modified":"2017-07-14T07:34:09","modified_gmt":"2017-07-14T07:34:09","slug":"cuprijska-3-biciklijada-fitnes","status":"publish","type":"post","link":"https:\/\/centralmedia.rs\/index.php\/2017\/07\/14\/cuprijska-3-biciklijada-fitnes\/","title":{"rendered":"\u0106UPRIJSKA 3. BICIKLIJADA I FITNES"},"content":{"rendered":"<p>\u0106UPRIJA-Na Svetski dan biciklista u nedelju 16.jula u 17 sati, a u okviru Sportskog leta, Sportski savez \u0106uprije organizuje 3. Biciklijadu pod sloganom ,,Vozim bajs i ba\u0161 sam dobar&#8221;. Cilj je da se jednom godi\u0161nje masovno privu\u010de pa\u017enja na rekreaciju i aktivnost koja budi duh i odr\u017eava telo, a uz to \u010duva \u017eivotnu sredinu i \u0161tedi novac. Program po\u010dinje sve\u010danim ,,bajs\u201d defileom do Slavije i nazad I zatim put sela Jovac gde \u0107e bicikliste ugostiti doma\u0107in jedne od retkih ku\u0107a iz 19. veka, pravog izvornog moravskog stila. Posle predaha povratak u \u0106upriju oko 18.30 sati. Me\u0111utim, tu nije kraj jer kre\u0107e zabavni sadr\u017eaj u vidu brzinskih no\u0107nih trka na poligonu iznena\u0111enja i spora trka na 50 metara.\u00a0<a href=\"https:\/\/centralmedia.rs\/wp-content\/uploads\/2017\/07\/vezbanje.jpg\"><img loading=\"lazy\" decoding=\"async\" class=\"alignright size-full wp-image-8671\" src=\"https:\/\/centralmedia.rs\/wp-content\/uploads\/2017\/07\/vezbanje.jpg\" alt=\"\" width=\"466\" height=\"350\" srcset=\"https:\/\/centralmedia.rs\/wp-content\/uploads\/2017\/07\/vezbanje.jpg 466w, https:\/\/centralmedia.rs\/wp-content\/uploads\/2017\/07\/vezbanje-300x225.jpg 300w, https:\/\/centralmedia.rs\/wp-content\/uploads\/2017\/07\/vezbanje-80x60.jpg 80w, https:\/\/centralmedia.rs\/wp-content\/uploads\/2017\/07\/vezbanje-265x198.jpg 265w\" sizes=\"(max-width: 466px) 100vw, 466px\" \/><\/a><\/p>\n<p>Sportski savez \u0106uprije u saradnji sa BBK Releks iz \u0106uprije, u subotu 15. jula u 9 sati u Moravskom parku, organizuje promociju i \u010das fitnesa kao zdravog na\u010dina \u017eivota.<\/p>\n","protected":false},"excerpt":{"rendered":"<p>\u0106UPRIJA-Na Svetski dan biciklista u nedelju 16.jula u 17 sati, a u okviru Sportskog leta, Sportski savez \u0106uprije organizuje 3. Biciklijadu pod sloganom ,,Vozim bajs &hellip; <\/p>\n","protected":false},"author":4,"featured_media":8670,"comment_status":"open","ping_status":"open","sticky":false,"template":"","format":"standard","meta":{"footnotes":""},"categories":[1515,1524,2,887,21],"tags":[2002,44],"_links":{"self":[{"href":"https:\/\/centralmedia.rs\/index.php\/wp-json\/wp\/v2\/posts\/8669"}],"collection":[{"href":"https:\/\/centralmedia.rs\/index.php\/wp-json\/wp\/v2\/posts"}],"about":[{"href":"https:\/\/centralmedia.rs\/index.php\/wp-json\/wp\/v2\/types\/post"}],"author":[{"embeddable":true,"href":"https:\/\/centralmedia.rs\/index.php\/wp-json\/wp\/v2\/users\/4"}],"replies":[{"embeddable":true,"href":"https:\/\/centralmedia.rs\/index.php\/wp-json\/wp\/v2\/comments?post=8669"}],"version-history":[{"count":0,"href":"https:\/\/centralmedia.rs\/index.php\/wp-json\/wp\/v2\/posts\/8669\/revisions"}],"wp:featuredmedia":[{"embeddable":true,"href":"https:\/\/centralmedia.rs\/index.php\/wp-json\/wp\/v2\/media\/8670"}],"wp:attachment":[{"href":"https:\/\/centralmedia.rs\/index.php\/wp-json\/wp\/v2\/media?parent=8669"}],"wp:term":[{"taxonomy":"category","embeddable":true,"href":"https:\/\/centralmedia.rs\/index.php\/wp-json\/wp\/v2\/categories?post=8669"},{"taxonomy":"post_tag","embeddable":true,"href":"https:\/\/centralmedia.rs\/index.php\/wp-json\/wp\/v2\/tags?post=8669"}],"curies":[{"name":"wp","href":"https:\/\/api.w.org\/{rel}","templated":true}]}}