{"id":8673,"date":"2017-07-14T08:52:32","date_gmt":"2017-07-14T08:52:32","guid":{"rendered":"http:\/\/centralmedia.rs\/?p=8673"},"modified":"2017-07-14T08:52:32","modified_gmt":"2017-07-14T08:52:32","slug":"letnje-kreativne-radionice-u-biblioteci","status":"publish","type":"post","link":"https:\/\/centralmedia.rs\/index.php\/2017\/07\/14\/letnje-kreativne-radionice-u-biblioteci\/","title":{"rendered":"LETNJE KREATIVNE RADIONICE U BIBLIOTECI"},"content":{"rendered":"<p>JAGODINA-Narodna biblioteka \u201c Radislav Nik\u010devi\u0107\u201d u Jagodini organizuje i ovog leta<\/p>\n<div id='gallery-1' class='gallery galleryid-8673 gallery-columns-2 gallery-size-full'><figure class='gallery-item'>\n\t\t\t<div class='gallery-icon landscape'>\n\t\t\t\t<a href='https:\/\/centralmedia.rs\/index.php\/2017\/07\/14\/letnje-kreativne-radionice-u-biblioteci\/foto-7\/'><img loading=\"lazy\" decoding=\"async\" width=\"960\" height=\"720\" src=\"https:\/\/centralmedia.rs\/wp-content\/uploads\/2017\/07\/foto.jpg\" class=\"attachment-full size-full\" alt=\"\" srcset=\"https:\/\/centralmedia.rs\/wp-content\/uploads\/2017\/07\/foto.jpg 960w, https:\/\/centralmedia.rs\/wp-content\/uploads\/2017\/07\/foto-300x225.jpg 300w, https:\/\/centralmedia.rs\/wp-content\/uploads\/2017\/07\/foto-768x576.jpg 768w, https:\/\/centralmedia.rs\/wp-content\/uploads\/2017\/07\/foto-80x60.jpg 80w, https:\/\/centralmedia.rs\/wp-content\/uploads\/2017\/07\/foto-265x198.jpg 265w\" sizes=\"(max-width: 960px) 100vw, 960px\" \/><\/a>\n\t\t\t<\/div><\/figure><figure class='gallery-item'>\n\t\t\t<div class='gallery-icon landscape'>\n\t\t\t\t<a href='https:\/\/centralmedia.rs\/index.php\/2017\/07\/14\/letnje-kreativne-radionice-u-biblioteci\/foto-2-2\/'><img loading=\"lazy\" decoding=\"async\" width=\"960\" height=\"720\" src=\"https:\/\/centralmedia.rs\/wp-content\/uploads\/2017\/07\/foto-2.jpg\" class=\"attachment-full size-full\" alt=\"\" srcset=\"https:\/\/centralmedia.rs\/wp-content\/uploads\/2017\/07\/foto-2.jpg 960w, https:\/\/centralmedia.rs\/wp-content\/uploads\/2017\/07\/foto-2-300x225.jpg 300w, https:\/\/centralmedia.rs\/wp-content\/uploads\/2017\/07\/foto-2-768x576.jpg 768w, https:\/\/centralmedia.rs\/wp-content\/uploads\/2017\/07\/foto-2-80x60.jpg 80w, https:\/\/centralmedia.rs\/wp-content\/uploads\/2017\/07\/foto-2-265x198.jpg 265w\" sizes=\"(max-width: 960px) 100vw, 960px\" \/><\/a>\n\t\t\t<\/div><\/figure>\n\t\t<\/div>\n\n<p>KREATIVNE RADIONICE za sve pred\u0161kolce i osnovce. Radionice su besplatne i otvorene za sve. Jedini uslov je blagovremeno prijavljivanje. Za sve zainteresovane za rad u radionicama \u00a0prijavljivanje je od ponedeljka 17. jula na De\u010djem odeljenju ili telefon \u00a0244 \u2013 580. Prva radionica \u0107e biti odr\u017eana 18. jula u 11 \u010dasova,poneti pribor za crtanje, makaze, lepak&#8230;<\/p>\n","protected":false},"excerpt":{"rendered":"<p>JAGODINA-Narodna biblioteka \u201c Radislav Nik\u010devi\u0107\u201d u Jagodini organizuje i ovog leta KREATIVNE RADIONICE za sve pred\u0161kolce i osnovce. Radionice su besplatne i otvorene za sve. &hellip; <\/p>\n","protected":false},"author":4,"featured_media":8674,"comment_status":"open","ping_status":"open","sticky":false,"template":"","format":"standard","meta":{"footnotes":""},"categories":[1524,2,1514,887,16,12],"tags":[879,58,2127],"_links":{"self":[{"href":"https:\/\/centralmedia.rs\/index.php\/wp-json\/wp\/v2\/posts\/8673"}],"collection":[{"href":"https:\/\/centralmedia.rs\/index.php\/wp-json\/wp\/v2\/posts"}],"about":[{"href":"https:\/\/centralmedia.rs\/index.php\/wp-json\/wp\/v2\/types\/post"}],"author":[{"embeddable":true,"href":"https:\/\/centralmedia.rs\/index.php\/wp-json\/wp\/v2\/users\/4"}],"replies":[{"embeddable":true,"href":"https:\/\/centralmedia.rs\/index.php\/wp-json\/wp\/v2\/comments?post=8673"}],"version-history":[{"count":0,"href":"https:\/\/centralmedia.rs\/index.php\/wp-json\/wp\/v2\/posts\/8673\/revisions"}],"wp:featuredmedia":[{"embeddable":true,"href":"https:\/\/centralmedia.rs\/index.php\/wp-json\/wp\/v2\/media\/8674"}],"wp:attachment":[{"href":"https:\/\/centralmedia.rs\/index.php\/wp-json\/wp\/v2\/media?parent=8673"}],"wp:term":[{"taxonomy":"category","embeddable":true,"href":"https:\/\/centralmedia.rs\/index.php\/wp-json\/wp\/v2\/categories?post=8673"},{"taxonomy":"post_tag","embeddable":true,"href":"https:\/\/centralmedia.rs\/index.php\/wp-json\/wp\/v2\/tags?post=8673"}],"curies":[{"name":"wp","href":"https:\/\/api.w.org\/{rel}","templated":true}]}}