{"id":8685,"date":"2017-07-15T20:15:19","date_gmt":"2017-07-15T20:15:19","guid":{"rendered":"http:\/\/centralmedia.rs\/?p=8685"},"modified":"2017-07-15T20:15:42","modified_gmt":"2017-07-15T20:15:42","slug":"jagodinski-lovci-posle-120-godina-grade-svoj-dom","status":"publish","type":"post","link":"https:\/\/centralmedia.rs\/index.php\/2017\/07\/15\/jagodinski-lovci-posle-120-godina-grade-svoj-dom\/","title":{"rendered":"JAGODINSKI LOVCI POSLE 120 GODINA GRADE SVOJ DOM"},"content":{"rendered":"<p>JAGODINA-U lovi\u0161tu ,,Lipar\u201c LU Jagodina na placu povr\u0161ine jednog hektara po\u010deli su radovi na projektu izgradnje fazanskih volijera, a za nekoliko godina na tom mestu bi\u0107e izgra\u0111en Dom lovaca. Na taj na\u010din jagodinski lovci posle 120 godina postojanja dobi\u0107e svoj kutak i steci\u0161te.<\/p>\n<p>-Pored volijera za fazane, u planu je izgradnja Doma lovaca koji bi bio steci\u0161te lovaca, pobratima, prijatelja i gostiju. Realizacijom kompletnog projekta ima\u0107emo efekte ne samo na rad udru\u017eenja, ve\u0107 i na razvoj lovnog turizma u gradu i regionu. Obezbedi\u0107emo osnovu za dalji razvoj udru\u017eenja i osigurati budu\u0107nost. To su veoma bitni doga\u0111aji u \u017eivotu udru\u017eenja, jer smo tavorili i kasnili sa obnovom i pro\u0161irenjem stare Fazanerije. Prvi put za 120 godina jagodinski lovci dobi\u0107e Lova\u010dki dom, mesto okupljanja. Vrednost projekta je nekoliko miliona dinara i bi\u0107e realizovano sopstvenim sredstvima i uz pomo\u0107 dr\u017eave, rekao je upravik lovi\u0161ta Predrag Milenkovi\u0107.<\/p>\n<figure id=\"attachment_8687\" aria-describedby=\"caption-attachment-8687\" style=\"width: 675px\" class=\"wp-caption alignright\"><a href=\"https:\/\/centralmedia.rs\/wp-content\/uploads\/2017\/07\/plac-1.jpg\"><img loading=\"lazy\" decoding=\"async\" class=\"size-full wp-image-8687\" src=\"https:\/\/centralmedia.rs\/wp-content\/uploads\/2017\/07\/plac-1.jpg\" alt=\"\" width=\"675\" height=\"900\" srcset=\"https:\/\/centralmedia.rs\/wp-content\/uploads\/2017\/07\/plac-1.jpg 675w, https:\/\/centralmedia.rs\/wp-content\/uploads\/2017\/07\/plac-1-225x300.jpg 225w\" sizes=\"(max-width: 675px) 100vw, 675px\" \/><\/a><figcaption id=\"caption-attachment-8687\" class=\"wp-caption-text\">Kada predsednik skup\u0161tine uzme sekiru u ruke<\/figcaption><\/figure>\n<p>Na Fazaneriji na \u0110ur\u0111evom brdu godi\u0161nje se proizvede oko 16.000 komada fazana, a na novom placu bi\u0107e obavljeno do\u010duvavanje fazana radi komercijalnog lova.<\/p>\n<p>-Pro\u0161le godine investicija u obnovu Fazarenije, a ove izgradnja volijera. Sve realizujemo iz sopstveih sredstava i dr\u017eavnih fondova. Ogra\u0111ivanje placa zavr\u0161avamo za nekoliko dana, zatim po\u010dinje izgradnja volijera po etapama i useljenje fazana do kraja septembra, isti\u010de Milenkovi\u0107.<\/p>\n<p>Ulaganja u protekle dve godine ogledaju se u tome da je pove\u0107ana proizvodnja fazanskih pili\u0107a za 5.000 komada.<\/p>\n","protected":false},"excerpt":{"rendered":"<p>JAGODINA-U lovi\u0161tu ,,Lipar\u201c LU Jagodina na placu povr\u0161ine jednog hektara po\u010deli su radovi na projektu izgradnje fazanskih volijera, a za nekoliko godina na tom mestu &hellip; <\/p>\n","protected":false},"author":4,"featured_media":8686,"comment_status":"open","ping_status":"open","sticky":false,"template":"","format":"standard","meta":{"footnotes":""},"categories":[14,1524,2,1514,12],"tags":[112,58,1786],"_links":{"self":[{"href":"https:\/\/centralmedia.rs\/index.php\/wp-json\/wp\/v2\/posts\/8685"}],"collection":[{"href":"https:\/\/centralmedia.rs\/index.php\/wp-json\/wp\/v2\/posts"}],"about":[{"href":"https:\/\/centralmedia.rs\/index.php\/wp-json\/wp\/v2\/types\/post"}],"author":[{"embeddable":true,"href":"https:\/\/centralmedia.rs\/index.php\/wp-json\/wp\/v2\/users\/4"}],"replies":[{"embeddable":true,"href":"https:\/\/centralmedia.rs\/index.php\/wp-json\/wp\/v2\/comments?post=8685"}],"version-history":[{"count":0,"href":"https:\/\/centralmedia.rs\/index.php\/wp-json\/wp\/v2\/posts\/8685\/revisions"}],"wp:featuredmedia":[{"embeddable":true,"href":"https:\/\/centralmedia.rs\/index.php\/wp-json\/wp\/v2\/media\/8686"}],"wp:attachment":[{"href":"https:\/\/centralmedia.rs\/index.php\/wp-json\/wp\/v2\/media?parent=8685"}],"wp:term":[{"taxonomy":"category","embeddable":true,"href":"https:\/\/centralmedia.rs\/index.php\/wp-json\/wp\/v2\/categories?post=8685"},{"taxonomy":"post_tag","embeddable":true,"href":"https:\/\/centralmedia.rs\/index.php\/wp-json\/wp\/v2\/tags?post=8685"}],"curies":[{"name":"wp","href":"https:\/\/api.w.org\/{rel}","templated":true}]}}