{"id":8696,"date":"2017-07-16T18:29:45","date_gmt":"2017-07-16T18:29:45","guid":{"rendered":"http:\/\/centralmedia.rs\/?p=8696"},"modified":"2017-07-16T18:29:45","modified_gmt":"2017-07-16T18:29:45","slug":"cuprijska-3-biciklijada-vozim-bajs-bas-sam-dobar","status":"publish","type":"post","link":"https:\/\/centralmedia.rs\/index.php\/2017\/07\/16\/cuprijska-3-biciklijada-vozim-bajs-bas-sam-dobar\/","title":{"rendered":"\u0106UPRIJSKA 3. BICIKLIJADA &#8211; VOZIM BAJS I BA\u0160 SAM DOBAR"},"content":{"rendered":"<p>\u0106UPRIJA-Povodom Svetskog dana biciklista, a u okviru Sportskog leta, Sportski savez \u0106uprije organizovao je danas 3. Biciklijadu pod sloganom ,,Vozim bajs i ba\u0161 sam dobar&#8221;.<\/p>\n<div id='gallery-1' class='gallery galleryid-8696 gallery-columns-5 gallery-size-thumbnail'><figure class='gallery-item'>\n\t\t\t<div class='gallery-icon landscape'>\n\t\t\t\t<a href='https:\/\/centralmedia.rs\/index.php\/2017\/07\/16\/cuprijska-3-biciklijada-vozim-bajs-bas-sam-dobar\/bajs-2\/'><img loading=\"lazy\" decoding=\"async\" width=\"150\" height=\"150\" src=\"https:\/\/centralmedia.rs\/wp-content\/uploads\/2017\/07\/bajs-2-150x150.jpg\" class=\"attachment-thumbnail size-thumbnail\" alt=\"\" \/><\/a>\n\t\t\t<\/div><\/figure><figure class='gallery-item'>\n\t\t\t<div class='gallery-icon landscape'>\n\t\t\t\t<a href='https:\/\/centralmedia.rs\/index.php\/2017\/07\/16\/cuprijska-3-biciklijada-vozim-bajs-bas-sam-dobar\/bajs-3\/'><img loading=\"lazy\" decoding=\"async\" width=\"150\" height=\"150\" src=\"https:\/\/centralmedia.rs\/wp-content\/uploads\/2017\/07\/bajs-3-150x150.jpg\" class=\"attachment-thumbnail size-thumbnail\" alt=\"\" \/><\/a>\n\t\t\t<\/div><\/figure><figure class='gallery-item'>\n\t\t\t<div class='gallery-icon landscape'>\n\t\t\t\t<a href='https:\/\/centralmedia.rs\/index.php\/2017\/07\/16\/cuprijska-3-biciklijada-vozim-bajs-bas-sam-dobar\/bajs-4\/'><img loading=\"lazy\" decoding=\"async\" width=\"150\" height=\"150\" src=\"https:\/\/centralmedia.rs\/wp-content\/uploads\/2017\/07\/bajs-4-150x150.jpg\" class=\"attachment-thumbnail size-thumbnail\" alt=\"\" \/><\/a>\n\t\t\t<\/div><\/figure><figure class='gallery-item'>\n\t\t\t<div class='gallery-icon landscape'>\n\t\t\t\t<a href='https:\/\/centralmedia.rs\/index.php\/2017\/07\/16\/cuprijska-3-biciklijada-vozim-bajs-bas-sam-dobar\/bajs-5\/'><img loading=\"lazy\" decoding=\"async\" width=\"150\" height=\"150\" src=\"https:\/\/centralmedia.rs\/wp-content\/uploads\/2017\/07\/bajs-5-150x150.jpg\" class=\"attachment-thumbnail size-thumbnail\" alt=\"\" \/><\/a>\n\t\t\t<\/div><\/figure><figure class='gallery-item'>\n\t\t\t<div class='gallery-icon landscape'>\n\t\t\t\t<a href='https:\/\/centralmedia.rs\/index.php\/2017\/07\/16\/cuprijska-3-biciklijada-vozim-bajs-bas-sam-dobar\/bajs-6\/'><img loading=\"lazy\" decoding=\"async\" width=\"150\" height=\"150\" src=\"https:\/\/centralmedia.rs\/wp-content\/uploads\/2017\/07\/bajs-6-150x150.jpg\" class=\"attachment-thumbnail size-thumbnail\" alt=\"\" \/><\/a>\n\t\t\t<\/div><\/figure>\n\t\t<\/div>\n\n<p>-Cilj je da se jednom godi\u0161nje masovno privu\u010de pa\u017enja na rekreaciju i aktivnost koja budi duh i odr\u017eava telo, a uz to \u010duva \u017eivotnu sredinu i \u0161tedi novac, ka\u017ee organizator Adam Ro\u0161kovi\u0107.<a href=\"https:\/\/centralmedia.rs\/wp-content\/uploads\/2017\/07\/bajs.jpg\"><img loading=\"lazy\" decoding=\"async\" class=\"aligncenter size-full wp-image-8703\" src=\"https:\/\/centralmedia.rs\/wp-content\/uploads\/2017\/07\/bajs.jpg\" alt=\"\" width=\"935\" height=\"600\" srcset=\"https:\/\/centralmedia.rs\/wp-content\/uploads\/2017\/07\/bajs.jpg 935w, https:\/\/centralmedia.rs\/wp-content\/uploads\/2017\/07\/bajs-300x193.jpg 300w, https:\/\/centralmedia.rs\/wp-content\/uploads\/2017\/07\/bajs-768x493.jpg 768w\" sizes=\"(max-width: 935px) 100vw, 935px\" \/><\/a><\/p>\n<p>Biciklijada je po\u010dela sve\u010danim ,,bajs\u201d defileom do Slavije i nazad i zatim put sela Jovac gde su bicikliste ugostili doma\u0107in jedne od retkih ku\u0107a iz 1867. godine, pravog izvornog moravskog stila. Posle predaha i povratka u \u0106upriju organizovane su \u00a0brzinske no\u0107ne trka na poligonu iznena\u0111enja, kao i brza i spora trka na 50 metara.<\/p>\n<p>&nbsp;<\/p>\n","protected":false},"excerpt":{"rendered":"<p>\u0106UPRIJA-Povodom Svetskog dana biciklista, a u okviru Sportskog leta, Sportski savez \u0106uprije organizovao je danas 3. Biciklijadu pod sloganom ,,Vozim bajs i ba\u0161 sam dobar&#8221;. &hellip; <\/p>\n","protected":false},"author":4,"featured_media":8697,"comment_status":"open","ping_status":"open","sticky":false,"template":"","format":"standard","meta":{"footnotes":""},"categories":[1515,1524,2,887,21],"tags":[2002,44],"_links":{"self":[{"href":"https:\/\/centralmedia.rs\/index.php\/wp-json\/wp\/v2\/posts\/8696"}],"collection":[{"href":"https:\/\/centralmedia.rs\/index.php\/wp-json\/wp\/v2\/posts"}],"about":[{"href":"https:\/\/centralmedia.rs\/index.php\/wp-json\/wp\/v2\/types\/post"}],"author":[{"embeddable":true,"href":"https:\/\/centralmedia.rs\/index.php\/wp-json\/wp\/v2\/users\/4"}],"replies":[{"embeddable":true,"href":"https:\/\/centralmedia.rs\/index.php\/wp-json\/wp\/v2\/comments?post=8696"}],"version-history":[{"count":0,"href":"https:\/\/centralmedia.rs\/index.php\/wp-json\/wp\/v2\/posts\/8696\/revisions"}],"wp:featuredmedia":[{"embeddable":true,"href":"https:\/\/centralmedia.rs\/index.php\/wp-json\/wp\/v2\/media\/8697"}],"wp:attachment":[{"href":"https:\/\/centralmedia.rs\/index.php\/wp-json\/wp\/v2\/media?parent=8696"}],"wp:term":[{"taxonomy":"category","embeddable":true,"href":"https:\/\/centralmedia.rs\/index.php\/wp-json\/wp\/v2\/categories?post=8696"},{"taxonomy":"post_tag","embeddable":true,"href":"https:\/\/centralmedia.rs\/index.php\/wp-json\/wp\/v2\/tags?post=8696"}],"curies":[{"name":"wp","href":"https:\/\/api.w.org\/{rel}","templated":true}]}}