{"id":8724,"date":"2017-07-18T13:07:31","date_gmt":"2017-07-18T13:07:31","guid":{"rendered":"http:\/\/centralmedia.rs\/?p=8724"},"modified":"2017-07-18T13:07:31","modified_gmt":"2017-07-18T13:07:31","slug":"koncert-marinka-rokvica-na-trgu-u-svilajncu","status":"publish","type":"post","link":"https:\/\/centralmedia.rs\/index.php\/2017\/07\/18\/koncert-marinka-rokvica-na-trgu-u-svilajncu\/","title":{"rendered":"KONCERT MARINKA ROKVI\u0106A NA TRGU U SVILAJNCU"},"content":{"rendered":"<p>SVILAJNAC-U okviru Kulturno-zabavnog leta u Svilajncu, u ponedeljak 24. jula u 21 sat na Trgu Stevana Sin\u0111eli\u0107a bi\u0107e odr\u017ean koncert Marinka Rokvi\u0107a. Organizator koncerta je\u00a0Centar za kulturu.<\/p>\n","protected":false},"excerpt":{"rendered":"<p>SVILAJNAC-U okviru Kulturno-zabavnog leta u Svilajncu, u ponedeljak 24. jula u 21 sat na Trgu Stevana Sin\u0111eli\u0107a bi\u0107e odr\u017ean koncert Marinka Rokvi\u0107a. Organizator koncerta je\u00a0Centar &hellip; <\/p>\n","protected":false},"author":4,"featured_media":8725,"comment_status":"open","ping_status":"open","sticky":false,"template":"","format":"standard","meta":{"footnotes":""},"categories":[1524,2,887,16,12,1517],"tags":[2135,38],"_links":{"self":[{"href":"https:\/\/centralmedia.rs\/index.php\/wp-json\/wp\/v2\/posts\/8724"}],"collection":[{"href":"https:\/\/centralmedia.rs\/index.php\/wp-json\/wp\/v2\/posts"}],"about":[{"href":"https:\/\/centralmedia.rs\/index.php\/wp-json\/wp\/v2\/types\/post"}],"author":[{"embeddable":true,"href":"https:\/\/centralmedia.rs\/index.php\/wp-json\/wp\/v2\/users\/4"}],"replies":[{"embeddable":true,"href":"https:\/\/centralmedia.rs\/index.php\/wp-json\/wp\/v2\/comments?post=8724"}],"version-history":[{"count":0,"href":"https:\/\/centralmedia.rs\/index.php\/wp-json\/wp\/v2\/posts\/8724\/revisions"}],"wp:featuredmedia":[{"embeddable":true,"href":"https:\/\/centralmedia.rs\/index.php\/wp-json\/wp\/v2\/media\/8725"}],"wp:attachment":[{"href":"https:\/\/centralmedia.rs\/index.php\/wp-json\/wp\/v2\/media?parent=8724"}],"wp:term":[{"taxonomy":"category","embeddable":true,"href":"https:\/\/centralmedia.rs\/index.php\/wp-json\/wp\/v2\/categories?post=8724"},{"taxonomy":"post_tag","embeddable":true,"href":"https:\/\/centralmedia.rs\/index.php\/wp-json\/wp\/v2\/tags?post=8724"}],"curies":[{"name":"wp","href":"https:\/\/api.w.org\/{rel}","templated":true}]}}