{"id":8727,"date":"2017-07-18T13:10:22","date_gmt":"2017-07-18T13:10:22","guid":{"rendered":"http:\/\/centralmedia.rs\/?p=8727"},"modified":"2017-07-18T13:10:22","modified_gmt":"2017-07-18T13:10:22","slug":"klub-za-trazenje-posla-u-paracinu","status":"publish","type":"post","link":"https:\/\/centralmedia.rs\/index.php\/2017\/07\/18\/klub-za-trazenje-posla-u-paracinu\/","title":{"rendered":"KLUB ZA TRA\u017dENJE POSLA U PARA\u0106INU"},"content":{"rendered":"<p>PARA\u0106IN-Kancelarija za mlade Op\u0161tine Para\u0107in i Nacionalna slu\u017eba za zapo\u0161ljavanje Para\u0107in raspisale su Javni poziv za prijavu u\u010de\u0161\u0107a u programu &#8220;Klub za tra\u017eenje posla&#8221;. Projekat je predvi\u0111en za mlade do 30 godina, koji \u017eele da se zaposle ili su ve\u0107 u procesu tra\u017eenja posla. Projekat obuhvata obuku i stru\u010dna predavanja u vezi pravilne izrade CV-a, propratnog pisma, kao i pisanu korespondenciju, direktan kontakt sa potencijalnim poslodavcima i podr\u0161ku oko pravilnog konkurisanja.<\/p>\n<p>Za u\u010de\u0161\u0107e je potrebno osnovno poznavanje rada na ra\u010dunaru, a ukoliko se javi potreba i za takvom vrstom obuke, bi\u0107e organizovana kako bi svi zainteresovani mogli da poha\u0111aju predavanja bez pote\u0161ko\u0107a.<\/p>\n<p>Posle petodnevne obuke, svi polaznici sti\u010du pravo da neograni\u010deno koriste prostoriju NZS-a, koja je opremljena modernom tehnikom, besplatnim interenetom, kao i svom prate\u0107om opremom, kako bi \u0161to lak\u0161e i br\u017ee do\u0161li do \u017eeljenog zaposlenja.<\/p>\n<p>Jo\u0161 jedna pogodnost koju ovaj program nudi je da \u0107e polaznici biti na samom izvoru informacija, odnosno u svakom trenutku \u0107e im biti dostupna baza aktivnih poslovnih ponuda, te \u0107e mo\u0107i blagovremeno da konkuri\u0161u i time steknu blagu prednost u odnosu na ostale kandidate. U svakom trenutku \u0107e imati podr\u0161ku stru\u010dnih ljudi iz NZS-a. Re\u010d je o projektu koji sprovodi Nacionalna slu\u017eba za zapo\u0161ljavanje, jedina dr\u017eavna institucija koja je nadle\u017ena za zapo\u0161ljavanje, a kojoj podr\u0161ku pru\u017ea i Kancelarija za mlade Op\u0161tine Para\u0107in.<\/p>\n<p>Rok za prijavljivanje je 5. avgust.<\/p>\n<p>&nbsp;<\/p>\n","protected":false},"excerpt":{"rendered":"<p>PARA\u0106IN-Kancelarija za mlade Op\u0161tine Para\u0107in i Nacionalna slu\u017eba za zapo\u0161ljavanje Para\u0107in raspisale su Javni poziv za prijavu u\u010de\u0161\u0107a u programu &#8220;Klub za tra\u017eenje posla&#8221;. Projekat &hellip; <\/p>\n","protected":false},"author":4,"featured_media":8728,"comment_status":"open","ping_status":"open","sticky":false,"template":"","format":"standard","meta":{"footnotes":""},"categories":[22,1524,2,1516,887],"tags":[2137,2136,156],"_links":{"self":[{"href":"https:\/\/centralmedia.rs\/index.php\/wp-json\/wp\/v2\/posts\/8727"}],"collection":[{"href":"https:\/\/centralmedia.rs\/index.php\/wp-json\/wp\/v2\/posts"}],"about":[{"href":"https:\/\/centralmedia.rs\/index.php\/wp-json\/wp\/v2\/types\/post"}],"author":[{"embeddable":true,"href":"https:\/\/centralmedia.rs\/index.php\/wp-json\/wp\/v2\/users\/4"}],"replies":[{"embeddable":true,"href":"https:\/\/centralmedia.rs\/index.php\/wp-json\/wp\/v2\/comments?post=8727"}],"version-history":[{"count":0,"href":"https:\/\/centralmedia.rs\/index.php\/wp-json\/wp\/v2\/posts\/8727\/revisions"}],"wp:featuredmedia":[{"embeddable":true,"href":"https:\/\/centralmedia.rs\/index.php\/wp-json\/wp\/v2\/media\/8728"}],"wp:attachment":[{"href":"https:\/\/centralmedia.rs\/index.php\/wp-json\/wp\/v2\/media?parent=8727"}],"wp:term":[{"taxonomy":"category","embeddable":true,"href":"https:\/\/centralmedia.rs\/index.php\/wp-json\/wp\/v2\/categories?post=8727"},{"taxonomy":"post_tag","embeddable":true,"href":"https:\/\/centralmedia.rs\/index.php\/wp-json\/wp\/v2\/tags?post=8727"}],"curies":[{"name":"wp","href":"https:\/\/api.w.org\/{rel}","templated":true}]}}